{"id":8528,"date":"2021-08-17T14:39:50","date_gmt":"2021-08-17T12:39:50","guid":{"rendered":"https:\/\/www.effe.it\/blog\/architectwork-munchen\/"},"modified":"2021-08-17T14:39:50","modified_gmt":"2021-08-17T12:39:50","slug":"aw-muenchen","status":"publish","type":"post","link":"https:\/\/www.effe.it\/fr\/blog\/aw-muenchen\/","title":{"rendered":"ARCHITECT@WORK M\u00fcnchen"},"content":{"rendered":"<h2>6 - 7 Novembre<\/h2>\n<h2>Munich Allemagne<\/h2>\n<h2 style=\"display: inline; text-align: left;\">Stand 55<\/h2>\n<p> &nbsp;<\/p>\n<p> En novembre prochain, nous serons pr\u00e9sents \u00e0 l\u2019<strong>ARCHITECT @ WORK, Munich, Allemagne.<\/strong> Le layout d\u2019exposition exclusif et innovant d\u2019<strong>ARCHITECT @ WORK<\/strong> a \u00e9t\u00e9 cr\u00e9\u00e9 par C4-Creative Fo(u)r.<\/p>\n<p> Afin de garantir un contact optimal entre les exposants et les visiteurs, les visiteurs sont automatiquement guid\u00e9s le long d\u2019un parcours traversant des stands petits et uniformes.<\/p>\n<p> Venez nous rendre visite, nous vous attendons !<\/p>\n<p style=\"text-align: left; line-height: 2.0;\"><img decoding=\"async\" loading=\"lazy\" class=\"alignnone size-medium wp-image-34543\" style=\"margin: 20px auto;\" src=\"https:\/\/www.effe.it\/wp-content\/uploads\/2019\/06\/26-1-2015_15_37_21_homefotoalbumpic.jpg\" alt=\"9mod_p_900px\" width=\"700\" height=\"525\" title=\"\"><\/p>\n","protected":false},"excerpt":{"rendered":"<p>6 - 7 Novembre Munich Allemagne Stand 55 &nbsp; En novembre prochain, nous serons pr\u00e9sents \u00e0 l\u2019ARCHITECT @ WORK, Munich, Allemagne. Le layout d\u2019exposition exclusif et innovant d\u2019ARCHITECT @ WORK a \u00e9t\u00e9 cr\u00e9\u00e9 par C4-Creative Fo(u)r. Afin de garantir un contact optimal entre les exposants et les visiteurs, les visiteurs sont automatiquement guid\u00e9s le long [&hellip;]<\/p>\n","protected":false},"author":2,"featured_media":2339,"comment_status":"open","ping_status":"open","sticky":false,"template":"","format":"standard","meta":{"inline_featured_image":false,"footnotes":""},"categories":[756],"tags":[],"better_featured_image":{"id":2339,"alt_text":"","caption":"","description":"","media_type":"image","media_details":{"width":800,"height":578,"file":"2021\/07\/muchen.jpg","sizes":{"medium":{"file":"muchen-300x217.jpg","width":300,"height":217,"mime-type":"image\/jpeg","source_url":"https:\/\/static.effe.it\/website\/2021\/07\/muchen-300x217.jpg"},"thumbnail":{"file":"muchen-150x150.jpg","width":150,"height":150,"mime-type":"image\/jpeg","source_url":"https:\/\/static.effe.it\/website\/2021\/07\/muchen-150x150.jpg"},"medium_large":{"file":"muchen-768x555.jpg","width":768,"height":555,"mime-type":"image\/jpeg","source_url":"https:\/\/static.effe.it\/website\/2021\/07\/muchen-768x555.jpg"},"image-related-size":{"file":"muchen-420x285.jpg","width":420,"height":285,"mime-type":"image\/jpeg","source_url":"https:\/\/static.effe.it\/website\/2021\/07\/muchen-420x285.jpg"},"image-related-size-bigger-sq":{"file":"muchen-624x468.jpg","width":624,"height":468,"mime-type":"image\/jpeg","source_url":"https:\/\/static.effe.it\/website\/2021\/07\/muchen-624x468.jpg"},"image-designer-product":{"file":"muchen-644x578.jpg","width":644,"height":578,"mime-type":"image\/jpeg","source_url":"https:\/\/static.effe.it\/website\/2021\/07\/muchen-644x578.jpg"}},"image_meta":{"aperture":"0","credit":"","camera":"","caption":"","created_timestamp":"0","copyright":"","focal_length":"0","iso":"0","shutter_speed":"0","title":"","orientation":"0","keywords":[]}},"post":8528,"source_url":"https:\/\/static.effe.it\/website\/2021\/07\/muchen.jpg"},"acf":[],"_links":{"self":[{"href":"https:\/\/www.effe.it\/fr\/wp-json\/wp\/v2\/posts\/8528"}],"collection":[{"href":"https:\/\/www.effe.it\/fr\/wp-json\/wp\/v2\/posts"}],"about":[{"href":"https:\/\/www.effe.it\/fr\/wp-json\/wp\/v2\/types\/post"}],"author":[{"embeddable":true,"href":"https:\/\/www.effe.it\/fr\/wp-json\/wp\/v2\/users\/2"}],"replies":[{"embeddable":true,"href":"https:\/\/www.effe.it\/fr\/wp-json\/wp\/v2\/comments?post=8528"}],"version-history":[{"count":0,"href":"https:\/\/www.effe.it\/fr\/wp-json\/wp\/v2\/posts\/8528\/revisions"}],"wp:featuredmedia":[{"embeddable":true,"href":"https:\/\/www.effe.it\/fr\/wp-json\/wp\/v2\/media\/2339"}],"wp:attachment":[{"href":"https:\/\/www.effe.it\/fr\/wp-json\/wp\/v2\/media?parent=8528"}],"wp:term":[{"taxonomy":"category","embeddable":true,"href":"https:\/\/www.effe.it\/fr\/wp-json\/wp\/v2\/categories?post=8528"},{"taxonomy":"post_tag","embeddable":true,"href":"https:\/\/www.effe.it\/fr\/wp-json\/wp\/v2\/tags?post=8528"}],"curies":[{"name":"wp","href":"https:\/\/api.w.org\/{rel}","templated":true}]}}