{"id":8486,"date":"2021-08-17T14:39:41","date_gmt":"2021-08-17T12:39:41","guid":{"rendered":"https:\/\/www.effe.it\/blog\/montrez-une-peau-parfaite-grace-au-sauna-et-bain-turc\/"},"modified":"2025-11-10T13:24:21","modified_gmt":"2025-11-10T11:24:21","slug":"montrez-une-peau-parfaite-grace-au-sauna-et-bain-turc","status":"publish","type":"post","link":"https:\/\/www.effe.it\/fr\/blog\/montrez-une-peau-parfaite-grace-au-sauna-et-bain-turc\/","title":{"rendered":"Montrez une peau parfaite gr\u00e2ce au Sauna et Bain turc !"},"content":{"rendered":"<p>Avec l'arriv\u00e9e de la saison froide, les effets positifs de l'\u00e9t\u00e9, qui nous donne une peau ambr\u00e9e, plus tonique et s\u00e9duisante, sont d\u00e9finitivement termin\u00e9s.<\/p>\n<p>Durant cette saison, notre peau n'est certes pas au top de sa beaut\u00e9 : \u00e0 part la couleur p\u00e2le typique de l'hiver, <strong>notre peau est souvent terne, gerc\u00e9e, peu tonique ou m\u00eame de couleur peu uniforme <\/strong>\u00e0 cause de l'utilisation de produits bronzants artificiels ou de produits cosm\u00e9tiques non appropri\u00e9s.<\/p>\n<p><strong>Pourquoi notre peau apparait-elle si terne ou gerc\u00e9e ?<\/strong><\/p>\n<p>La cause est souvent due \u00e0 l'accumulation de cellules mortes qui font apparaitre l'\u00e9piderme terne.<\/p>\n<p><strong>Pourquoi ne pas penser \u00e0 prendre un <a href=\"https:\/\/www.effe.it\/fr\/produits\/saunas\/\">Sauna<\/a> ou un <a href=\"https:\/\/www.effe.it\/fr\/produits\/hammam\/\">Bain turc <\/a>? Comment un <a href=\"https:\/\/www.effe.it\/fr\/produits\/sauna-hammam\/\">Sauna et un Hammam<\/a> peuvent aider notre peau ?<\/strong><\/p>\n<p>Tant le Sauna que le Bain turc sont un moyen tr\u00e8s efficace pour am\u00e9liorer l'apparence de notre \u00e9piderme. Pour \u00e9liminer les ger\u00e7ures et les taches, le mot d'ordre est exfolier, soit \u00e9liminer la couche de cellules mortes qui s'est form\u00e9e sur notre peau, sur laquelle se sont concentr\u00e9s les taches, la rugosit\u00e9 et le teint terne.<\/p>\n<p><strong>Quels sont les produits cosm\u00e9tiques utiles pour am\u00e9liorer la situation ? Comment un Sauna et un Hammam peuvent \u00eatre utiles ?<\/strong><\/p>\n<p>Pour exfolier la peau, les scrubs classiques sont tr\u00e8s utiles, ainsi que bien s\u00fbr le gant de crin, les deux \u00e0 utiliser sous la douche en insistant surtout sur les zones critiques, comme les genoux et les coudes.<\/p>\n<p>Dans tous les cas, la meilleure fa\u00e7on de lib\u00e9rer les pores de l'\u00e9piderme et de leur faire retrouver la luminosit\u00e9 perdue <strong>est de l'adoucir gr\u00e2ce \u00e0 l'utilisation de l'eau et de la chaleur<\/strong>, de sorte que les autres traitements puissent agir en profondeur. De plus, effectuer un scrub sur une peau pas pr\u00eate signifie souvent agir de mani\u00e8re trop vigoureuse, en risquant ainsi de l'endommager.<\/p>\n<p>Gr\u00e2ce \u00e0 la chaleur du sauna et du bain turc, en revanche, les pores de la peau s'ouvrent naturellement, la peau s'\u00e9tire et se sature d'eau, en s'adoucissant ainsi de fa\u00e7on naturelle et favorisant le d\u00e9tachement naturel de la couche de cellules mortes.<\/p>\n<p><strong>Et apr\u00e8s un<a href=\"https:\/\/www.effe.it\/fr\/produits\/saunas\/\"> sauna<\/a> et <a href=\"https:\/\/www.effe.it\/fr\/produits\/hammam\/\">bain turc<\/a>, que faut-il faire pour am\u00e9liorer l'aspect de l'\u00e9piderme ?<\/strong><\/p>\n<p>Apr\u00e8s une s\u00e9ance normale de sauna et bain turc, il est conseill\u00e9 de se frictionner la peau avec une serviette, ou de la masser d\u00e9licatement avec le gant de crin pour en obtenir un bienfait imm\u00e9diat. La douche froide qui s'effectuera imm\u00e9diatement apr\u00e8s aidera \u00e0 tonifier davantage la peau, en la nettoyant \u00e0 fond et la rendant pr\u00eate pour les cr\u00e8mes et les soins de beaut\u00e9 qui pourront ainsi p\u00e9n\u00e9trer vraiment en profondeur.<\/p>\n<p>Naturellement, il est conseill\u00e9 de r\u00e9p\u00e9ter le traitement au moins deux fois par semaine, ou du moins jusqu'\u00e0 atteindre le r\u00e9sultat souhait\u00e9. Mais, en g\u00e9n\u00e9ral, apr\u00e8s avoir \u00ab d\u00e9couvert \u00bb les bienfaits, non seulement esth\u00e9tiques, d'un sauna et d'un bain de chaleur, il est vraiment difficile d'en abandonner l'habitude.<\/p>\n<p>Effegibi : red\u00e9couvrez une peau parfaite gr\u00e2ce au sauna et hammam !<\/p>\n","protected":false},"excerpt":{"rendered":"<p>Avec l'arriv\u00e9e de la saison froide, les effets positifs de l'\u00e9t\u00e9, qui nous donne une peau ambr\u00e9e, plus tonique et s\u00e9duisante, sont d\u00e9finitivement termin\u00e9s. Durant cette saison, notre peau n'est certes pas au top de sa beaut\u00e9 : \u00e0 part la couleur p\u00e2le typique de l'hiver, notre peau est souvent terne, gerc\u00e9e, peu tonique ou [&hellip;]<\/p>\n","protected":false},"author":2,"featured_media":2179,"comment_status":"open","ping_status":"open","sticky":false,"template":"","format":"standard","meta":{"inline_featured_image":false,"footnotes":""},"categories":[754,755,1381,1397,1418,67],"tags":[1590],"better_featured_image":{"id":2179,"alt_text":"","caption":"","description":"","media_type":"image","media_details":{"width":2048,"height":2041,"file":"2021\/07\/14003_7-effegibi_a_unito_cmyk8-2500px.jpg","sizes":{"medium":{"file":"14003_7-effegibi_a_unito_cmyk8-2500px-300x300.jpg","width":300,"height":300,"mime-type":"image\/jpeg","source_url":"https:\/\/static.effe.it\/website\/2021\/07\/14003_7-effegibi_a_unito_cmyk8-2500px-300x300.jpg"},"large":{"file":"14003_7-effegibi_a_unito_cmyk8-2500px-1024x1021.jpg","width":1024,"height":1021,"mime-type":"image\/jpeg","source_url":"https:\/\/static.effe.it\/website\/2021\/07\/14003_7-effegibi_a_unito_cmyk8-2500px-1024x1021.jpg"},"thumbnail":{"file":"14003_7-effegibi_a_unito_cmyk8-2500px-150x150.jpg","width":150,"height":150,"mime-type":"image\/jpeg","source_url":"https:\/\/static.effe.it\/website\/2021\/07\/14003_7-effegibi_a_unito_cmyk8-2500px-150x150.jpg"},"medium_large":{"file":"14003_7-effegibi_a_unito_cmyk8-2500px-768x765.jpg","width":768,"height":765,"mime-type":"image\/jpeg","source_url":"https:\/\/static.effe.it\/website\/2021\/07\/14003_7-effegibi_a_unito_cmyk8-2500px-768x765.jpg"},"image-related-size":{"file":"14003_7-effegibi_a_unito_cmyk8-2500px-420x285.jpg","width":420,"height":285,"mime-type":"image\/jpeg","source_url":"https:\/\/static.effe.it\/website\/2021\/07\/14003_7-effegibi_a_unito_cmyk8-2500px-420x285.jpg"},"image-related-size-bigger-sq":{"file":"14003_7-effegibi_a_unito_cmyk8-2500px-624x468.jpg","width":624,"height":468,"mime-type":"image\/jpeg","source_url":"https:\/\/static.effe.it\/website\/2021\/07\/14003_7-effegibi_a_unito_cmyk8-2500px-624x468.jpg"},"image-designer-product":{"file":"14003_7-effegibi_a_unito_cmyk8-2500px-644x587.jpg","width":644,"height":587,"mime-type":"image\/jpeg","source_url":"https:\/\/static.effe.it\/website\/2021\/07\/14003_7-effegibi_a_unito_cmyk8-2500px-644x587.jpg"},"1536x1536":{"file":"14003_7-effegibi_a_unito_cmyk8-2500px-1536x1531.jpg","width":1536,"height":1531,"mime-type":"image\/jpeg","source_url":"https:\/\/static.effe.it\/website\/2021\/07\/14003_7-effegibi_a_unito_cmyk8-2500px-1536x1531.jpg"}},"image_meta":{"aperture":"0","credit":"","camera":"","caption":"","created_timestamp":"0","copyright":"","focal_length":"0","iso":"0","shutter_speed":"0","title":"","orientation":"0","keywords":[]}},"post":8486,"source_url":"https:\/\/static.effe.it\/website\/2021\/07\/14003_7-effegibi_a_unito_cmyk8-2500px.jpg"},"acf":[],"_links":{"self":[{"href":"https:\/\/www.effe.it\/fr\/wp-json\/wp\/v2\/posts\/8486"}],"collection":[{"href":"https:\/\/www.effe.it\/fr\/wp-json\/wp\/v2\/posts"}],"about":[{"href":"https:\/\/www.effe.it\/fr\/wp-json\/wp\/v2\/types\/post"}],"author":[{"embeddable":true,"href":"https:\/\/www.effe.it\/fr\/wp-json\/wp\/v2\/users\/2"}],"replies":[{"embeddable":true,"href":"https:\/\/www.effe.it\/fr\/wp-json\/wp\/v2\/comments?post=8486"}],"version-history":[{"count":0,"href":"https:\/\/www.effe.it\/fr\/wp-json\/wp\/v2\/posts\/8486\/revisions"}],"wp:featuredmedia":[{"embeddable":true,"href":"https:\/\/www.effe.it\/fr\/wp-json\/wp\/v2\/media\/2179"}],"wp:attachment":[{"href":"https:\/\/www.effe.it\/fr\/wp-json\/wp\/v2\/media?parent=8486"}],"wp:term":[{"taxonomy":"category","embeddable":true,"href":"https:\/\/www.effe.it\/fr\/wp-json\/wp\/v2\/categories?post=8486"},{"taxonomy":"post_tag","embeddable":true,"href":"https:\/\/www.effe.it\/fr\/wp-json\/wp\/v2\/tags?post=8486"}],"curies":[{"name":"wp","href":"https:\/\/api.w.org\/{rel}","templated":true}]}}