{"id":8485,"date":"2021-08-17T14:39:41","date_gmt":"2021-08-17T12:39:41","guid":{"rendered":"https:\/\/www.effe.it\/blog\/spa-et-chromotherapie-colorez-de-bien-etre-votre-hiver\/"},"modified":"2025-11-10T13:27:12","modified_gmt":"2025-11-10T11:27:12","slug":"spa-et-chromotherapie-colorez-de-bien-etre-votre-hiver","status":"publish","type":"post","link":"https:\/\/www.effe.it\/fr\/blog\/spa-et-chromotherapie-colorez-de-bien-etre-votre-hiver\/","title":{"rendered":"Spa et chromoth\u00e9rapie : colorez de bien-\u00eatre votre hiver !"},"content":{"rendered":"<p>M\u00eame si pour le calendrier astronomique nous sommes encore en automne, peut-\u00eatre pour le froid vif, peut-\u00eatre pour la grisaille qui caract\u00e9rise ces journ\u00e9es, la perception est celle que non seulement l'hiver soit d\u00e9j\u00e0 arriv\u00e9, mais que \u00e7a l'ait toujours \u00e9t\u00e9 !<\/p>\n<p>Sens de torpeur, fatigue, parfois m\u00e9lancolie, <strong>mais est-ce possible que le froid et la grisaille de la saison froide puissent p\u00e9n\u00e9trer m\u00eame \u00e0 l'int\u00e9rieur de nous et influencer de cette fa\u00e7on notre \u00e9tat psychophysique ?<\/strong><\/p>\n<p>On savait d\u00e9j\u00e0 dans l'\u00c9gypte ancienne que les couleurs et la lumi\u00e8re pouvaient affecter l'\u00e9tat de la personne, \u00e0 chaque couleur \u00e9tait associ\u00e9 m\u00eame un potentiel curatif, on utilisait amplement les min\u00e9raux, les pierres, les cristaux et des onguents color\u00e9s, et on colorait les parois des lieux de soins comme si cela \u00e9tait aussi un principe m\u00e9dical.<\/p>\n<p><strong>Quelle est l'opinion d'aujourd'hui sur la chromoth\u00e9rapie ?<\/strong><\/p>\n<p>Aujourd'hui, la m\u00e9decine traditionnelle estime que la chromoth\u00e9rapie \u00e0 but curatif n'est \u00e9tay\u00e9e par aucune base scientifique, mais reconnait que ses effets sont tout \u00e0 fait valides au niveau psychologique.<\/p>\n<p>La chromoth\u00e9rapie peut donc \u00eatre utilis\u00e9e comme m\u00e9thode alternative pour aider le corps et l'esprit \u00e0 retrouver un \u00e9quilibre positif, pour am\u00e9liorer l'\u00e9tat d'\u00e2me et l'humeur.<\/p>\n<p>Sortir en une journ\u00e9e ensoleill\u00e9e, porter un pull color\u00e9, m\u00eame manger une salade multicolore ! Il semble qu'un petit peu suffise pour b\u00e9n\u00e9ficier des couleurs !<\/p>\n<p>Et si la chromoth\u00e9rapie entrerait \u00e0 faire partie de notre <strong>spa personnel <\/strong>?<\/p>\n<p>Si, de retour \u00e0 la maison, apr\u00e8s une journ\u00e9e hivernale typique, \u00e9puis\u00e9s dans le corps et dans l'esprit, nous puissions plonger dans un plaisir chaud berc\u00e9s par les couleurs qui nous \u00e9voquent le bonheur ?<\/p>\n<p>Effe, leader dans la production de <strong>saunas et hammams pour la maison, <\/strong>offre la possibilit\u00e9 d'inclure <strong>les bienfaits de la chromoth\u00e9rapie<\/strong> aussi bien \u00e0 l'int\u00e9rieur de ses saunas que de ses bains turcs.<\/p>\n<p><a href=\"https:\/\/www.effe.it\/fr\/options\/plafonniers\/\"><strong>Des plafonniers avec chromoth\u00e9rapie \u00e0 cycles fixes et dynamiques<\/strong><\/a>, <strong>des syst\u00e8mes int\u00e9gr\u00e9s dans les g\u00e9n\u00e9rateurs de vapeur, des douches \u00e9motionnelles <\/strong> comme <strong>Feelgood, des tunnels \u00e9motionnels avec pomme de douche unique ou multiple, <\/strong>Effegibi propose une vaste gamme de possibilit\u00e9s pour les amateurs des couleurs !<\/p>\n<p>Gr\u00e2ce \u00e0 un simple geste, vous pourrez non seulement <strong>profiter des bienfaits du sauna traditionnel finlandais ou du hammam<\/strong>, mais aussi choisir parmi les <strong>diverses s\u00e9quences chromoth\u00e9rapiques<\/strong> en fonction de votre humeur ou de vos pr\u00e9f\u00e9rences :<\/p>\n<p>LE ROUGE : all\u00e9gera votre mauvaise humeur et vous stimulera gr\u00e2ce \u00e0 son action palpitante.<\/p>\n<p>LE JAUNE : stimulera votre esprit et vous donnera une sensation de bien-\u00eatre en augmentant votre concentration.<\/p>\n<p>L'ORANGE : vous induira s\u00e9r\u00e9nit\u00e9, gaiet\u00e9 et optimisme.<\/p>\n<p>LE VERT : aura un effet calmant et stimulant sur la t\u00e9nacit\u00e9 et la pers\u00e9v\u00e9rance.<\/p>\n<p>LE BLEU : aura des effets calmants, en stimulant la relaxation et en augmentant la concentration.<\/p>\n<p>LE VIOLET : est la couleur de la spiritualit\u00e9 et de la fantaisie.<\/p>\n<p>Vous pourrez combiner naturellement \u00e0 la chromoth\u00e9rapie aussi l'aromath\u00e9rapie et la <strong>musicoth\u00e9rapie<\/strong> pour vivre pleinement <strong>la vraie th\u00e9rapie du bien-\u00eatre <\/strong>!<\/p>\n<p>Effegibi : colore de bien-\u00eatre votre hiver !<\/p>\n","protected":false},"excerpt":{"rendered":"<p>M\u00eame si pour le calendrier astronomique nous sommes encore en automne, peut-\u00eatre pour le froid vif, peut-\u00eatre pour la grisaille qui caract\u00e9rise ces journ\u00e9es, la perception est celle que non seulement l'hiver soit d\u00e9j\u00e0 arriv\u00e9, mais que \u00e7a l'ait toujours \u00e9t\u00e9 ! Sens de torpeur, fatigue, parfois m\u00e9lancolie, mais est-ce possible que le froid et [&hellip;]<\/p>\n","protected":false},"author":2,"featured_media":2172,"comment_status":"open","ping_status":"open","sticky":false,"template":"","format":"standard","meta":{"inline_featured_image":false,"footnotes":""},"categories":[754,755,67],"tags":[82,1590],"better_featured_image":{"id":2172,"alt_text":"","caption":"","description":"","media_type":"image","media_details":{"width":700,"height":438,"file":"2021\/07\/Multifunctional-Shower-FeelGood-Effe-Perfect-Wellness.gif","sizes":{"medium":{"file":"Multifunctional-Shower-FeelGood-Effe-Perfect-Wellness-300x188.gif","width":300,"height":188,"mime-type":"image\/gif","source_url":"https:\/\/static.effe.it\/website\/2021\/07\/Multifunctional-Shower-FeelGood-Effe-Perfect-Wellness-300x188.gif"},"thumbnail":{"file":"Multifunctional-Shower-FeelGood-Effe-Perfect-Wellness-150x150.gif","width":150,"height":150,"mime-type":"image\/gif","source_url":"https:\/\/static.effe.it\/website\/2021\/07\/Multifunctional-Shower-FeelGood-Effe-Perfect-Wellness-150x150.gif"},"image-related-size":{"file":"Multifunctional-Shower-FeelGood-Effe-Perfect-Wellness-420x285.gif","width":420,"height":285,"mime-type":"image\/gif","source_url":"https:\/\/static.effe.it\/website\/2021\/07\/Multifunctional-Shower-FeelGood-Effe-Perfect-Wellness-420x285.gif"},"image-related-size-bigger-sq":{"file":"Multifunctional-Shower-FeelGood-Effe-Perfect-Wellness-624x438.gif","width":624,"height":438,"mime-type":"image\/gif","source_url":"https:\/\/static.effe.it\/website\/2021\/07\/Multifunctional-Shower-FeelGood-Effe-Perfect-Wellness-624x438.gif"},"image-designer-product":{"file":"Multifunctional-Shower-FeelGood-Effe-Perfect-Wellness-644x438.gif","width":644,"height":438,"mime-type":"image\/gif","source_url":"https:\/\/static.effe.it\/website\/2021\/07\/Multifunctional-Shower-FeelGood-Effe-Perfect-Wellness-644x438.gif"}},"image_meta":{"aperture":"0","credit":"","camera":"","caption":"","created_timestamp":"0","copyright":"","focal_length":"0","iso":"0","shutter_speed":"0","title":"","orientation":"0","keywords":[]}},"post":8485,"source_url":"https:\/\/static.effe.it\/website\/2021\/07\/Multifunctional-Shower-FeelGood-Effe-Perfect-Wellness.gif"},"acf":[],"_links":{"self":[{"href":"https:\/\/www.effe.it\/fr\/wp-json\/wp\/v2\/posts\/8485"}],"collection":[{"href":"https:\/\/www.effe.it\/fr\/wp-json\/wp\/v2\/posts"}],"about":[{"href":"https:\/\/www.effe.it\/fr\/wp-json\/wp\/v2\/types\/post"}],"author":[{"embeddable":true,"href":"https:\/\/www.effe.it\/fr\/wp-json\/wp\/v2\/users\/2"}],"replies":[{"embeddable":true,"href":"https:\/\/www.effe.it\/fr\/wp-json\/wp\/v2\/comments?post=8485"}],"version-history":[{"count":0,"href":"https:\/\/www.effe.it\/fr\/wp-json\/wp\/v2\/posts\/8485\/revisions"}],"wp:featuredmedia":[{"embeddable":true,"href":"https:\/\/www.effe.it\/fr\/wp-json\/wp\/v2\/media\/2172"}],"wp:attachment":[{"href":"https:\/\/www.effe.it\/fr\/wp-json\/wp\/v2\/media?parent=8485"}],"wp:term":[{"taxonomy":"category","embeddable":true,"href":"https:\/\/www.effe.it\/fr\/wp-json\/wp\/v2\/categories?post=8485"},{"taxonomy":"post_tag","embeddable":true,"href":"https:\/\/www.effe.it\/fr\/wp-json\/wp\/v2\/tags?post=8485"}],"curies":[{"name":"wp","href":"https:\/\/api.w.org\/{rel}","templated":true}]}}