{"id":36959,"date":"2025-10-27T16:38:33","date_gmt":"2025-10-27T14:38:33","guid":{"rendered":"https:\/\/www.effe.it\/blog\/differenza-tra-sauna-e-bagno-turco-mettiamo-i-due-a-confronto\/"},"modified":"2025-10-27T18:12:35","modified_gmt":"2025-10-27T16:12:35","slug":"differenza-tra-sauna-e-bagno-turco-mettiamo-i-due-a-confronto","status":"publish","type":"post","link":"https:\/\/www.effe.it\/fr\/blog\/differenza-tra-sauna-e-bagno-turco-mettiamo-i-due-a-confronto\/","title":{"rendered":"Diff\u00e9rence entre sauna et bain turc\u00a0: comparons les deux"},"content":{"rendered":"\n<figure class=\"wp-block-image size-large\"><img decoding=\"async\" loading=\"lazy\" width=\"1024\" height=\"709\" src=\"https:\/\/static.effe.it\/website\/2025\/10\/27160522\/immagine-1-2-1024x709.jpg\" alt=\"- -\" class=\"wp-image-36902\" srcset=\"https:\/\/static.effe.it\/website\/2025\/10\/27160522\/immagine-1-2-1024x709.jpg 1024w, https:\/\/static.effe.it\/website\/2025\/10\/27160522\/immagine-1-2-300x208.jpg 300w, https:\/\/static.effe.it\/website\/2025\/10\/27160522\/immagine-1-2-768x532.jpg 768w, https:\/\/static.effe.it\/website\/2025\/10\/27160522\/immagine-1-2-1536x1064.jpg 1536w, https:\/\/static.effe.it\/website\/2025\/10\/27160522\/immagine-1-2-2048x1419.jpg 2048w, https:\/\/static.effe.it\/website\/2025\/10\/27160522\/immagine-1-2.jpg 2090w\" sizes=\"(max-width: 1024px) 100vw, 1024px\" title=\"\"><\/figure>\n\n\n\n<p>Entrer dans un <strong>sauna ou dans un bain turc<\/strong> n\u2019est pas seulement un geste de d\u00e9tente, mais un <strong>rituel<\/strong> qui accompagne diff\u00e9rentes cultures depuis des si\u00e8cles. Aujourd\u2019hui, ces deux pratiques se rencontrent dans les spas et dans les maisons de ceux qui recherchent<strong> l\u2019\u00e9quilibre entre le corps et l\u2019esprit<\/strong>. Mais <strong>quelle est la vraie diff\u00e9rence entre le sauna et le bain turc<\/strong>, et lequel choisir en fonction de vos besoins\u00a0?  <\/p>\n\n\n\n<h2 class=\"wp-block-heading\">Le sauna\u00a0: histoire, bienfaits et tradition du bien-\u00eatre<\/h2>\n\n\n\n<p>Le sauna n\u2019est pas seulement un environnement chaud\u00a0: c\u2019est un rituel qui a son origine dans la culture finlandaise et qui accompagne encore aujourd\u2019hui toutes les personnes qui souhaitent retrouver \u00e9quilibre et bien-\u00eatre. Un parcours fait de tradition et de bienfaits concrets, qui m\u00e9rite d\u2019\u00eatre d\u00e9couvert depuis ses origines jusqu\u2019\u00e0 ses effets b\u00e9n\u00e9fiques pour le corps et l\u2019esprit.<\/p>\n\n\n\n<h3 class=\"wp-block-heading\">Qu\u2019est-ce qu\u2019un sauna\u00a0?<\/h3>\n\n\n\n<p>Le <strong>sauna<\/strong> est un <strong>environnement<\/strong> traditionnellement <strong>construit en bois<\/strong>, con\u00e7u pour offrir une <strong>chaleur intense et s\u00e8che<\/strong>. \u00c0 l\u2019int\u00e9rieur, les <strong>temp\u00e9ratures<\/strong> atteignent <strong>85-100&nbsp;\u00b0C<\/strong>, avec un <strong>taux d\u2019humidit\u00e9<\/strong> tr\u00e8s bas (<strong>20-30&nbsp;%<\/strong>).<\/p>\n\n\n\n<p>Ce climat sec stimule une transpiration naturelle et profonde qui favorise <strong>la purification de l\u2019organisme<\/strong>, la relaxation musculaire et une sensation g\u00e9n\u00e9rale de r\u00e9g\u00e9n\u00e9ration.<\/p>\n\n\n\n<p>Le c\u0153ur du sauna est le <strong>po\u00eale \u00e9lectrique<\/strong>, appel\u00e9 <strong><em>kiuas<\/em><\/strong> en finnois, qui <strong>chauffe des pierres en mesure de retenir et de diffuser la chaleur de mani\u00e8re uniforme<\/strong>, cr\u00e9ant ainsi une exp\u00e9rience authentique et pleine de satisfaction.<\/p>\n\n\n\n<figure class=\"wp-block-image size-large is-resized\"><img decoding=\"async\" loading=\"lazy\" width=\"1024\" height=\"729\" src=\"https:\/\/static.effe.it\/website\/2025\/10\/27162053\/immagine-2-2-1024x729.jpg\" alt=\"- -\" class=\"wp-image-36908\" style=\"aspect-ratio:1.4046639231824416;width:840px;height:auto\" srcset=\"https:\/\/static.effe.it\/website\/2025\/10\/27162053\/immagine-2-2-1024x729.jpg 1024w, https:\/\/static.effe.it\/website\/2025\/10\/27162053\/immagine-2-2-300x214.jpg 300w, https:\/\/static.effe.it\/website\/2025\/10\/27162053\/immagine-2-2-768x547.jpg 768w, https:\/\/static.effe.it\/website\/2025\/10\/27162053\/immagine-2-2.jpg 1390w\" sizes=\"(max-width: 1024px) 100vw, 1024px\" title=\"\"><\/figure>\n\n\n\n<h3 class=\"wp-block-heading\">Origines du sauna<\/h3>\n\n\n\n<p>Les racines du sauna remontent \u00e0 <strong>plus de deux mille ans<\/strong>. En Finlande, il s\u2019agissait \u00e0 l\u2019origine d\u2019un <strong>simple bain chaud creus\u00e9 dans la terre<\/strong>, o\u00f9 des pierres chauff\u00e9es d\u00e9gageaient de la chaleur et de la vapeur. C\u2019\u00e9tait un lieu d\u2019hygi\u00e8ne, mais aussi de purification et de rencontre.<\/p>\n\n\n\n<p>Au fil du temps, ces cavit\u00e9s souterraines ont fait place \u00e0 <strong>des cabanes en bois chauff\u00e9es par des po\u00eales \u00e0 bois<\/strong>, plus proches des saunas que nous connaissons aujourd\u2019hui. Cette pratique est rapidement devenue partie int\u00e9grante de la vie quotidienne et de la culture nordique&nbsp;: un rituel capable d\u2019unir le corps, l\u2019esprit et la socialit\u00e9.<\/p>\n\n\n\n<p>Tr\u00e8s r\u00e9pandu dans les pays baltes et dans d\u2019autres r\u00e9gions d\u2019Europe du Nord, le sauna nous a \u00e9t\u00e9 transmis comme <strong>un symbole de bien-\u00eatre universel<\/strong>. Aujourd\u2019hui, il continue d\u2019\u00eatre appr\u00e9ci\u00e9 dans le monde entier pour ses bienfaits, tout en conservant son \u00e2me ancienne faite de chaleur, de silence et de r\u00e9g\u00e9n\u00e9ration.<\/p>\n\n\n\n<h3 class=\"wp-block-heading\">Bienfaits du sauna<\/h3>\n\n\n\n<p>Le sauna finlandais est consid\u00e9r\u00e9<strong> comme l\u2019un des rituels de bien-\u00eatre les plus efficaces et les plus complets<\/strong>. La chaleur intense provoque une vasodilatation naturelle <strong>favorisant la circulation sanguine et une meilleure oxyg\u00e9nation des tissus<\/strong>, avec des effets positifs sur la sant\u00e9 cardiovasculaire.<strong> L\u2019alternance du sauna et des douches froides<\/strong> stimule la circulation et <strong>renforce les d\u00e9fenses immunitaires<\/strong>, en activant un m\u00e9canisme similaire \u00e0 une \u00ab&nbsp;fi\u00e8vre naturelle&nbsp;\u00bb qui soutient le syst\u00e8me immunitaire.<\/p>\n\n\n\n<p>La transpiration profonde induite par la chaleur s\u00e8che aide <strong>\u00e0 \u00e9liminer les toxines et les impuret\u00e9s<\/strong>, am\u00e9liorant ainsi l\u2019aspect de la peau qui appara\u00eet plus lumineuse et plus \u00e9lastique. L\u2019augmentation de la circulation sanguine stimule \u00e9galement la production de collag\u00e8ne, ce qui a \u00e9galement des effets b\u00e9n\u00e9fiques sur les zones adipeuses et l\u2019\u00e9lasticit\u00e9 de la peau.<\/p>\n\n\n\n<p>Outre les aspects physiques, le sauna procure une <strong>puissante d\u00e9tente mentale<\/strong>&nbsp;: passer du temps dans un environnement chaud stimule la lib\u00e9ration d\u2019endorphines et r\u00e9duit le taux de cortisol, ce qui permet de lutter contre le stress, l\u2019anxi\u00e9t\u00e9 et l\u2019insomnie. Pour les sportifs, il constitue \u00e9galement une aide pr\u00e9cieuse pour la <strong>r\u00e9cup\u00e9ration musculaire<\/strong>, gr\u00e2ce \u00e0 un meilleur transport de l\u2019oxyg\u00e8ne et des nutriments vers les tissus.<\/p>\n\n\n\n<p>Plusieurs \u00e9tudes associent <strong>la pratique r\u00e9guli\u00e8re du sauna \u00e0 une diminution du risque de maladies cardiovasculaires<\/strong>, en raison de la r\u00e9duction de la pression art\u00e9rielle et du contr\u00f4le du stress. Pour des informations plus approfondies, Effe propose des contenus d\u00e9di\u00e9s tels que <a href=\"https:\/\/www.effe.it\/fr\/perfect-wellness\/les-bienfaits-du-sauna\/\">les bienfaits du sauna<\/a> et un guide pratique sur <a href=\"https:\/\/www.effe.it\/fr\/perfect-wellness\/comment-prendre-un-sauna\/\">comment prendre un sauna<\/a><\/p>\n\n\n\n<figure class=\"wp-block-image size-large\"><img decoding=\"async\" loading=\"lazy\" width=\"1024\" height=\"729\" src=\"https:\/\/static.effe.it\/website\/2025\/10\/27162232\/immagine-3-2-1024x729.jpg\" alt=\"- -\" class=\"wp-image-36914\" srcset=\"https:\/\/static.effe.it\/website\/2025\/10\/27162232\/immagine-3-2-1024x729.jpg 1024w, https:\/\/static.effe.it\/website\/2025\/10\/27162232\/immagine-3-2-300x214.jpg 300w, https:\/\/static.effe.it\/website\/2025\/10\/27162232\/immagine-3-2-768x547.jpg 768w, https:\/\/static.effe.it\/website\/2025\/10\/27162232\/immagine-3-2.jpg 1390w\" sizes=\"(max-width: 1024px) 100vw, 1024px\" title=\"\"><\/figure>\n\n\n\n<h3 class=\"wp-block-heading\"> Types de saunas existants<\/h3>\n\n\n\n<p>La chaleur du sauna provient d\u2019un <strong>po\u00eale<\/strong>, appel\u00e9 <em>kiuas<\/em> en finnois, qui chauffe des pierres capables de retenir et de r\u00e9partir uniform\u00e9ment la chaleur. Dans la version \u00e9lectrique, qui est la plus courante, il est possible de verser un peu d\u2019eau sur les pierres pour cr\u00e9er la vapeur caract\u00e9ristique (<em>l\u00f6yly<\/em>) et augmenter la sensation de chaleur.<\/p>\n\n\n\n<p>Autrefois, la m\u00e9thode traditionnelle consistait \u00e0 utiliser le feu pour chauffer les pierres, une pratique moins courante aujourd\u2019hui mais qui conserve un charme ancien. Parall\u00e8lement \u00e0 ces solutions, il existe \u00e9galement le <strong>sauna infrarouge<\/strong>, qui utilise des panneaux rayonnants pour g\u00e9n\u00e9rer de la chaleur directement sur le corps, offrant une exp\u00e9rience diff\u00e9rente mais tout aussi efficace.<\/p>\n\n\n\n<p>Les personnes souhaitant explorer les diff\u00e9rentes propositions et d\u00e9couvrir les mod\u00e8les et les solutions de design peuvent visiter la section d\u00e9di\u00e9e du site Effe\u00a0:<a href=\"https:\/\/www.effe.it\/elenco-prodotti\/saune\/\"> <\/a><a href=\"https:\/\/www.effe.it\/fr\/produits\/saunas\/\">tous les saunas<\/a>.<\/p>\n\n\n<div class=\"wp-block-image\">\n<figure class=\"aligncenter size-large\"><img decoding=\"async\" loading=\"lazy\" width=\"1024\" height=\"729\" src=\"https:\/\/static.effe.it\/website\/2025\/10\/27162330\/immagine-4-1024x729.jpg\" alt=\"- -\" class=\"wp-image-36920\" srcset=\"https:\/\/static.effe.it\/website\/2025\/10\/27162330\/immagine-4-1024x729.jpg 1024w, https:\/\/static.effe.it\/website\/2025\/10\/27162330\/immagine-4-300x214.jpg 300w, https:\/\/static.effe.it\/website\/2025\/10\/27162330\/immagine-4-768x547.jpg 768w, https:\/\/static.effe.it\/website\/2025\/10\/27162330\/immagine-4.jpg 1390w\" sizes=\"(max-width: 1024px) 100vw, 1024px\" title=\"\"><figcaption class=\"wp-element-caption\">Natural Infrared<\/figcaption><\/figure><\/div>\n\n\n<h2 class=\"wp-block-heading\">Bain turc\u00a0: tradition, vapeur et sant\u00e9<\/h2>\n\n\n\n<h3 class=\"wp-block-heading\">Qu\u2019est-ce qu\u2019un bain turc\u00a0?<\/h3>\n\n\n\n<p>Le bain turc, ou <strong>hammam<\/strong>, est une pratique ancienne originaire du Moyen-Orient bas\u00e9e sur l\u2019utilisation de <strong>chaleur humide et de vapeur<\/strong>. Contrairement au sauna finlandais, qui utilise la chaleur s\u00e8che \u00e0 des temp\u00e9ratures \u00e9lev\u00e9es (85-100&nbsp;\u00b0C), le hammam fonctionne \u00e0 des temp\u00e9ratures <strong>plus mod\u00e9r\u00e9es (35-48&nbsp;\u00b0C)<\/strong>, mais avec un taux d\u2019humidit\u00e9 tr\u00e8s \u00e9lev\u00e9, jusqu\u2019\u00e0 100&nbsp;%.<\/p>\n\n\n\n<p>Cet environnement satur\u00e9 de vapeur favorise un nettoyage en profondeur de la peau et l\u2019ouverture des pores, soulageant les voies respiratoires et assurant une relaxation plus douce que celle qu\u2019offre le sauna. Pour d\u00e9couvrir les solutions de hammams propos\u00e9es par Effe, vous pouvez parcourir les mod\u00e8les disponibles dans la rubrique d\u00e9di\u00e9e du <a href=\"https:\/\/www.effe.it\/elenco-prodotti\/hammam\/\">site E<\/a><a href=\"https:\/\/www.effe.it\/fr\/produits\/hammam\/\">f<\/a><a href=\"https:\/\/www.effe.it\/elenco-prodotti\/hammam\/\">fe<\/a>.<\/p>\n\n\n\n<figure class=\"wp-block-image size-large\"><img decoding=\"async\" loading=\"lazy\" width=\"1024\" height=\"729\" src=\"https:\/\/static.effe.it\/website\/2025\/10\/27162447\/immagine-5-1024x729.jpg\" alt=\"- -\" class=\"wp-image-36926\" srcset=\"https:\/\/static.effe.it\/website\/2025\/10\/27162447\/immagine-5-1024x729.jpg 1024w, https:\/\/static.effe.it\/website\/2025\/10\/27162447\/immagine-5-300x214.jpg 300w, https:\/\/static.effe.it\/website\/2025\/10\/27162447\/immagine-5-768x547.jpg 768w, https:\/\/static.effe.it\/website\/2025\/10\/27162447\/immagine-5.jpg 1390w\" sizes=\"(max-width: 1024px) 100vw, 1024px\" title=\"\"><\/figure>\n\n\n\n<h3 class=\"wp-block-heading\">Origines du bain turc<\/h3>\n\n\n\n<p>Le bain turc trouve ses racines dans les <strong>thermes romains et les bains grecs<\/strong>, dont il a h\u00e9rit\u00e9 la tradition du bien-\u00eatre thermique. Il a ensuite \u00e9volu\u00e9 dans le monde arabo-musulman sous le nom de <strong>hammam<\/strong>, devenant non seulement un espace hygi\u00e9nique, mais aussi un lieu de purification, de sociabilit\u00e9 et de spiritualit\u00e9. Au fil des si\u00e8cles, entre rituels de lavage, massages et environnements climato-th\u00e9rapeutiques, le hammam a trac\u00e9 un chemin qui fa\u00e7onne encore aujourd\u2019hui son \u00e2me.  <\/p>\n\n\n\n<h3 class=\"wp-block-heading\"><strong><strong>Bienfaits du bain turc<\/strong><\/strong><\/h3>\n\n\n\n<p>Le bain turc offre une <a href=\"https:\/\/www.effe.it\/fr\/?page_id=16554\" data-type=\"link\" data-id=\"https:\/\/www.effe.it\/fr\/?page_id=16554\">exp\u00e9rience b\u00e9n\u00e9fique et enveloppante \u00e0 diff\u00e9rents \u00e9gards<\/a>\u00a0:<\/p>\n\n\n\n<ul>\n<li>La vapeur chaude et humide stimule l\u2019<strong>ouverture des pores<\/strong>, favorisant une purification en profondeur de la peau.<\/li>\n\n\n\n<li>L\u2019humidit\u00e9 favorise l\u2019<strong>ouverture des voies respiratoires<\/strong> et soulage la congestion, am\u00e9liorant ainsi la respiration et le confort.<\/li>\n\n\n\n<li>La chaleur enveloppante<strong> r\u00e9duit le stress et les tensions musculaires<\/strong>, cr\u00e9ant une sensation de bien-\u00eatre psycho-physique.<\/li>\n\n\n\n<li>Les sportifs appr\u00e9cient \u00e9galement ce rituel pour la <strong>r\u00e9cup\u00e9ration musculaire<\/strong>, gr\u00e2ce \u00e0 un meilleur apport d\u2019oxyg\u00e8ne et de nutriments.<\/li>\n\n\n\n<li>De nombreuses \u00e9tudes soulignent ses effets positifs sur le syst\u00e8me immunitaire et le tonus musculaire.<\/li>\n<\/ul>\n\n\n\n<p>Si vous souhaitez en savoir plus sur la meilleure fa\u00e7on de pratiquer le hammam et de profiter de tous ses effets r\u00e9g\u00e9n\u00e9rants, Effe vous propose un guide pratique <a href=\"https:\/\/www.effe.it\/fr\/perfect-wellness\/comment-prendre-un-hammam\/\">sur la fa\u00e7on de l\u2019utiliser correctement<\/a>.<\/p>\n\n\n\n<figure class=\"wp-block-image size-large is-resized\"><img decoding=\"async\" loading=\"lazy\" width=\"1024\" height=\"729\" src=\"https:\/\/static.effe.it\/website\/2025\/10\/27162646\/immagine-6-1024x729.jpg\" alt=\"- -\" class=\"wp-image-36932\" style=\"aspect-ratio:1.4046639231824416;width:840px;height:auto\" srcset=\"https:\/\/static.effe.it\/website\/2025\/10\/27162646\/immagine-6-1024x729.jpg 1024w, https:\/\/static.effe.it\/website\/2025\/10\/27162646\/immagine-6-300x214.jpg 300w, https:\/\/static.effe.it\/website\/2025\/10\/27162646\/immagine-6-768x547.jpg 768w, https:\/\/static.effe.it\/website\/2025\/10\/27162646\/immagine-6.jpg 1390w\" sizes=\"(max-width: 1024px) 100vw, 1024px\" title=\"\"><\/figure>\n\n\n\n<figure class=\"wp-block-image size-large is-resized\"><img decoding=\"async\" loading=\"lazy\" width=\"1024\" height=\"729\" src=\"https:\/\/static.effe.it\/website\/2025\/10\/27162703\/immagine-7-1024x729.jpg\" alt=\"- -\" class=\"wp-image-36938\" style=\"aspect-ratio:1.404040404040404;width:840px;height:auto\" srcset=\"https:\/\/static.effe.it\/website\/2025\/10\/27162703\/immagine-7-1024x729.jpg 1024w, https:\/\/static.effe.it\/website\/2025\/10\/27162703\/immagine-7-300x214.jpg 300w, https:\/\/static.effe.it\/website\/2025\/10\/27162703\/immagine-7-768x547.jpg 768w, https:\/\/static.effe.it\/website\/2025\/10\/27162703\/immagine-7.jpg 1390w\" sizes=\"(max-width: 1024px) 100vw, 1024px\" title=\"\"><\/figure>\n\n\n\n<h2 class=\"wp-block-heading\">Diff\u00e9rences entre sauna et bain turc\u00a0: les principaux \u00e9l\u00e9ments<\/h2>\n\n\n\n<h2 class=\"wp-block-heading\">Temp\u00e9rature et humidit\u00e9<\/h2>\n\n\n\n<p>La diff\u00e9rence entre un sauna et un bain turc se per\u00e7oit imm\u00e9diatement au niveau du <strong>climat int\u00e9rieur<\/strong>. Le <strong>sauna<\/strong> atteint<strong> des temp\u00e9ratures \u00e9lev\u00e9es (85-100&nbsp;\u00b0C) avec un taux d\u2019humidit\u00e9 tr\u00e8s bas (20-30&nbsp;%)<\/strong>, g\u00e9n\u00e9rant une <strong>chaleur s\u00e8che<\/strong> qui stimule une transpiration intense. Cela favorise l\u2019\u00e9limination des toxines, la relaxation musculaire et la r\u00e9activation de la circulation.<\/p>\n\n\n\n<p>Le <strong>bain turc<\/strong>, quant \u00e0 lui, fonctionne \u00e0<strong> des temp\u00e9ratures plus mod\u00e9r\u00e9es (35-48&nbsp;\u00b0C) mais avec un taux d\u2019humidit\u00e9 tr\u00e8s \u00e9lev\u00e9 (90-100&nbsp;%)<\/strong>. La vapeur dense enveloppe la peau, l\u2019hydrate en profondeur et d\u00e9gage les voies respiratoires, cr\u00e9ant une exp\u00e9rience plus douce et plus enveloppante.<\/p>\n\n\n\n<h3 class=\"wp-block-heading\"><strong><strong>Mat\u00e9riaux et construction<\/strong><\/strong><\/h3>\n\n\n\n<p>Les saunas et les bains turcs n\u00e9cessitent des mat\u00e9riaux diff\u00e9rents. Le <strong>sauna<\/strong> est principalement construit en <strong>bois<\/strong>, tel que le <strong>sapin ou le peuplier<\/strong>, qui r\u00e9siste \u00e0 la chaleur s\u00e8che et reste agr\u00e9able au toucher m\u00eame \u00e0 des temp\u00e9ratures \u00e9lev\u00e9es.<\/p>\n\n\n\n<p>Le <strong>bain turc<\/strong>, en revanche, utilise <strong>des mat\u00e9riaux imperm\u00e9ables et r\u00e9sistants \u00e0 l\u2019humidit\u00e9<\/strong> tels que <strong>le marbre, les mosa\u00efques, les carreaux de c\u00e9ramique ou de pierre<\/strong>. Ces surfaces retiennent la vapeur et sont faciles \u00e0 nettoyer. Pour fonctionner, il doit \u00eatre \u00e9quip\u00e9 d\u2019un <a href=\"https:\/\/www.effe.it\/fr\/produits\/generateurs\/\"><strong>g\u00e9n\u00e9rateur de vapeur<\/strong><\/a>, essentiel pour obtenir une vapeur dense, saine et uniforme. Effe offre une large gamme de solutions technologiques, \u00e0 l\u2019int\u00e9rieur ou \u00e0 l\u2019ext\u00e9rieur de la cabine, con\u00e7ues pour s\u2019adapter m\u00eame aux petits espaces tels que les douches domestiques.<\/p>\n\n\n\n<h3 class=\"wp-block-heading\"><strong><strong>Exp\u00e9rience de l\u2019utilisateur<\/strong><\/strong><\/h3>\n\n\n\n<p>L\u2019exp\u00e9rience de relaxation du <strong>sauna<\/strong> et du <strong>bain<\/strong> <strong>turc<\/strong> peut \u00eatre tr\u00e8s diff\u00e9rente, car elle implique des intensit\u00e9s et des r\u00e9actions tr\u00e8s personnelles.<\/p>\n\n\n\n<p>Dans le <strong>sauna<\/strong>, la chaleur s\u00e8che provoque une <strong>transpiration abondante et rapide<\/strong>, avec une sensation de chaleur intense. La dur\u00e9e recommand\u00e9e pour une s\u00e9ance est de <strong>10-15 minutes<\/strong>, en alternant de fr\u00e9quentes douches froides.<\/p>\n\n\n\n<p>Dans le <strong>bain turc<\/strong>, la chaleur humide agit plus doucement, provoquant une <strong>transpiration progressive<\/strong> et une sensation enveloppante. Il est possible de rester plus longtemps (maximum 20-30 minutes) en ressentant une stimulation thermique plus douce. <\/p>\n\n\n\n<h3 class=\"wp-block-heading\"><strong><strong>Bienfaits sp\u00e9cifiques<\/strong><\/strong><\/h3>\n\n\n\n<p>Les deux pratiques offrent des bienfaits diff\u00e9rents&nbsp;:<\/p>\n\n\n\n<ul>\n<li><strong>Sauna<\/strong>\u00a0: id\u00e9al pour d\u00e9toxifier, d\u00e9contracter les muscles, stimuler la circulation sanguine et soulager les douleurs articulaires. Il convient particuli\u00e8rement aux sportifs ou aux personnes souffrant de tensions musculaires.<br><\/li>\n\n\n\n<li><strong>Bain turc<\/strong>&nbsp;: plus efficace pour purifier et hydrater la peau, d\u00e9gager les voies respiratoires (utile en cas de rhume, de sinusite ou d\u2019asthme l\u00e9ger) et r\u00e9duire le stress de mani\u00e8re plus progressive.<\/li>\n<\/ul>\n\n\n\n<h3 class=\"wp-block-heading\"><strong><strong>Contre-indications <\/strong><\/strong><\/h3>\n\n\n\n<p>Tant le sauna que le hammam sont \u00e0 \u00e9viter en cas de <strong>probl\u00e8mes cardiaques graves, de pression art\u00e9rielle tr\u00e8s basse ou \u00e9lev\u00e9e, d\u2019insuffisance respiratoire, d\u2019infections cutan\u00e9es ou de grossesse<\/strong> (sans avis m\u00e9dical). Ils ne sont pas recommand\u00e9s en cas de fi\u00e8vre, d\u2019\u00e9pilepsie ou de troubles circulatoires majeurs.<\/p>\n\n\n\n<p>Une utilisation excessive peut entra\u00eener une d\u00e9shydratation ou une chute de la tension art\u00e9rielle&nbsp;: c\u2019est pourquoi il convient toujours d\u2019\u00eatre \u00e0 l\u2019\u00e9coute de son corps et, en cas de doute, de consulter son m\u00e9decin avant de se lancer dans ces pratiques.<\/p>\n\n\n\n<figure class=\"wp-block-image size-large is-resized\"><img decoding=\"async\" loading=\"lazy\" width=\"1024\" height=\"729\" src=\"https:\/\/static.effe.it\/website\/2025\/10\/27163037\/immagine-8-1024x729.jpg\" alt=\"- -\" class=\"wp-image-36944\" style=\"aspect-ratio:1.4046639231824416;width:840px;height:auto\" srcset=\"https:\/\/static.effe.it\/website\/2025\/10\/27163037\/immagine-8-1024x729.jpg 1024w, https:\/\/static.effe.it\/website\/2025\/10\/27163037\/immagine-8-300x214.jpg 300w, https:\/\/static.effe.it\/website\/2025\/10\/27163037\/immagine-8-768x547.jpg 768w, https:\/\/static.effe.it\/website\/2025\/10\/27163037\/immagine-8.jpg 1390w\" sizes=\"(max-width: 1024px) 100vw, 1024px\" title=\"\"><\/figure>\n\n\n\n<h2 class=\"wp-block-heading\">Quand choisir le sauna et quand choisir le bain turc<\/h2>\n\n\n\n<p>Le choix entre le sauna et le bain turc d\u00e9pend des <strong>pr\u00e9f\u00e9rences personnelles<\/strong> et des <strong>objectifs de bien-\u00eatre<\/strong> que l\u2019on se donne. Les personnes qui appr\u00e9cient la <strong>chaleur s\u00e8che et intense<\/strong>, id\u00e9ale pour rel\u00e2cher les tensions musculaires et favoriser la r\u00e9cup\u00e9ration apr\u00e8s une activit\u00e9 physique, trouveront dans le <strong>sauna<\/strong> la solution la plus adapt\u00e9e.<\/p>\n\n\n\n<p>Au contraire, les personnes qui recherchent un <strong>environnement humide et enveloppant<\/strong>, un traitement purifiant pour la peau ou un soulagement d\u00e9licat des voies respiratoires, peuvent se tourner vers le <strong>bain turc<\/strong>. En cas d\u2019hypotension, le hammam est souvent pr\u00e9f\u00e9rable en raison de ses temp\u00e9ratures plus mod\u00e9r\u00e9es.<\/p>\n\n\n\n<p>Cependant, chaque organisme r\u00e9agit diff\u00e9remment&nbsp;: la meilleure fa\u00e7on de comprendre quelle pratique est la plus indiqu\u00e9e est <strong>d\u2019exp\u00e9rimenter les deux et d\u2019\u00e9couter ses propres sensations.<\/strong><\/p>\n\n\n\n<h3 class=\"wp-block-heading\">Situations sp\u00e9cifiques<\/h3>\n\n\n\n<ul>\n<li><strong>Tensions musculaires et douleurs articulaires<\/strong>\u00a0: le sauna, avec sa chaleur s\u00e8che, d\u00e9tend les muscles, stimule la circulation et favorise une d\u00e9toxification profonde gr\u00e2ce \u00e0 une transpiration intense.<br><\/li>\n\n\n\n<li><strong>Probl\u00e8mes respiratoires l\u00e9gers<\/strong> (rhumes, sinusites, asthme l\u00e9ger)\u00a0: le bain turc est particuli\u00e8rement utile gr\u00e2ce \u00e0 la vapeur chaude qui d\u00e9gage les voies respiratoires et apporte un soulagement imm\u00e9diat.<br><\/li>\n\n\n\n<li><strong>Entretien de la peau<\/strong>\u00a0: le hammam permet de purifier et d\u2019hydrater l\u2019\u00e9piderme, le rendant plus doux et plus lumineux.<br><\/li>\n\n\n\n<li><strong>Relaxation profonde<\/strong>\u00a0: les personnes qui pr\u00e9f\u00e8rent une chaleur plus douce et plus progressive trouveront dans le bain turc une exp\u00e9rience enveloppante et r\u00e9g\u00e9n\u00e9rante.<\/li>\n<\/ul>\n\n\n\n<h2 class=\"wp-block-heading\">Sauna ou bain turc\u00a0?<\/h2>\n\n\n\n<p>Il n\u2019existe pas de r\u00e9ponse unique \u00e0 la question de savoir quelle est la \u00ab\u00a0meilleure\u00a0\u00bb pratique\u00a0: cela d\u00e9pend des besoins de chacun. La <strong>diff\u00e9rence entre le sauna et le bain turc<\/strong> r\u00e9side dans l\u2019approche\u00a0: plus intense et imm\u00e9diate dans le premier cas, plus douce et progressive dans le second. Les deux, s\u2019ils sont pratiqu\u00e9s r\u00e9guli\u00e8rement et en respectant la condition physique de chacun, sont des alli\u00e9s pr\u00e9cieux pour la sant\u00e9 et le bien-\u00eatre au quotidien.<\/p>\n\n\n<div class=\"wp-block-image\">\n<figure class=\"aligncenter size-large\"><img decoding=\"async\" loading=\"lazy\" width=\"1024\" height=\"729\" src=\"https:\/\/static.effe.it\/website\/2025\/10\/27163236\/immagine-9-1024x729.jpg\" alt=\"- -\" class=\"wp-image-36950\" srcset=\"https:\/\/static.effe.it\/website\/2025\/10\/27163236\/immagine-9-1024x729.jpg 1024w, https:\/\/static.effe.it\/website\/2025\/10\/27163236\/immagine-9-300x214.jpg 300w, https:\/\/static.effe.it\/website\/2025\/10\/27163236\/immagine-9-768x547.jpg 768w, https:\/\/static.effe.it\/website\/2025\/10\/27163236\/immagine-9.jpg 1390w\" sizes=\"(max-width: 1024px) 100vw, 1024px\" title=\"\"><figcaption class=\"wp-element-caption\">Logica Plus Mid<\/figcaption><\/figure><\/div>\n\n\n<h2 class=\"wp-block-heading\">Est-il possible d\u2019effectuer les deux traitements dans la m\u00eame cabine\u00a0?<\/h2>\n\n\n\n<p><strong>Il n\u2019est pas possible de combiner le sauna et le bain turc dans la m\u00eame cabine<\/strong>, car les deux environnements n\u00e9cessitent <strong>des mat\u00e9riaux et des \u00e9quipements diff\u00e9rents<\/strong>. Cependant, il existe des solutions con\u00e7ues pour combiner les deux exp\u00e9riences dans des modules coordonn\u00e9s, offrant ainsi la libert\u00e9 de choisir \u00e0 chaque fois le parcours le plus appropri\u00e9.<\/p>\n\n\n\n<p>Effe a d\u00e9velopp\u00e9 des <strong>collections telles que <\/strong><a href=\"https:\/\/www.effe.it\/fr\/collection-plus-logica\/\"><strong>Logica Plus<\/strong><\/a><strong>, <\/strong><a href=\"https:\/\/www.effe.it\/fr\/collection-yoku\/\"><strong>Yoku<\/strong><\/a><strong>, <\/strong><a href=\"https:\/\/www.effe.it\/fr\/bodylove-collection\/\"><strong>BodyLove<\/strong><\/a><strong> et <\/strong><a href=\"https:\/\/www.effe.it\/fr\/collection-naturelle\/\"><strong>Natural<\/strong><\/a>, qui <strong>permettent d\u2019alterner facilement sauna et hammam<\/strong>. Ces syst\u00e8mes compacts, au design raffin\u00e9, sont con\u00e7us pour la fonctionnalit\u00e9 et le confort, offrant les bienfaits des deux pratiques\u00a0: d\u00e9toxification, relaxation musculaire, nettoyage de la peau et am\u00e9lioration de la respiration, dans un contexte uniforme et technologiquement avanc\u00e9.<\/p>\n\n\n\n<p><strong>Savoir distinguer entre sauna et bain turc est la premi\u00e8re \u00e9tape d\u2019une exp\u00e9rience de bien-\u00eatre consciente.<\/strong> Chaque personne a ses propres besoins en mati\u00e8re de sant\u00e9, de confort et de style de vie. C\u2019est pourquoi il est important de s\u2019appuyer sur des partenaires exp\u00e9riment\u00e9s&nbsp;: Effe vous accompagne dans la conception d\u2019espaces de bien-\u00eatre sur mesure, avec des solutions compl\u00e8tes qui vont au-del\u00e0 du produit, en offrant des conseils, la personnalisation, l\u2019assistance technique et le soin des d\u00e9tails.<\/p>\n","protected":false},"excerpt":{"rendered":"<p>Entrer dans un sauna ou dans un bain turc n\u2019est pas seulement un geste de d\u00e9tente, mais un rituel qui accompagne diff\u00e9rentes cultures depuis des si\u00e8cles. Aujourd\u2019hui, ces deux pratiques se rencontrent dans les spas et dans les maisons de ceux qui recherchent l\u2019\u00e9quilibre entre le corps et l\u2019esprit. Mais quelle est la vraie diff\u00e9rence [&hellip;]<\/p>\n","protected":false},"author":16826,"featured_media":36905,"comment_status":"closed","ping_status":"closed","sticky":false,"template":"","format":"standard","meta":{"inline_featured_image":false,"footnotes":""},"categories":[1397,1418],"tags":[],"better_featured_image":{"id":36905,"alt_text":"","caption":"","description":"","media_type":"image","media_details":{"width":2090,"height":1448,"file":"2025\/10\/immagine-1-2.jpg","filesize":150614,"sizes":{"medium":{"file":"immagine-1-2-300x208.jpg","width":300,"height":208,"mime-type":"image\/jpeg","filesize":11149,"source_url":"https:\/\/static.effe.it\/website\/2025\/10\/27160522\/immagine-1-2-300x208.jpg"},"large":{"file":"immagine-1-2-1024x709.jpg","width":1024,"height":709,"mime-type":"image\/jpeg","filesize":79883,"source_url":"https:\/\/static.effe.it\/website\/2025\/10\/27160522\/immagine-1-2-1024x709.jpg"},"thumbnail":{"file":"immagine-1-2-150x150.jpg","width":150,"height":150,"mime-type":"image\/jpeg","filesize":5368,"source_url":"https:\/\/static.effe.it\/website\/2025\/10\/27160522\/immagine-1-2-150x150.jpg"},"medium_large":{"file":"immagine-1-2-768x532.jpg","width":768,"height":532,"mime-type":"image\/jpeg","filesize":49515,"source_url":"https:\/\/static.effe.it\/website\/2025\/10\/27160522\/immagine-1-2-768x532.jpg"},"image-related-size":{"file":"immagine-1-2-420x285.jpg","width":420,"height":285,"mime-type":"image\/jpeg","filesize":18581,"source_url":"https:\/\/static.effe.it\/website\/2025\/10\/27160522\/immagine-1-2-420x285.jpg"},"image-related-size-bigger-sq":{"file":"immagine-1-2-624x468.jpg","width":624,"height":468,"mime-type":"image\/jpeg","filesize":37931,"source_url":"https:\/\/static.effe.it\/website\/2025\/10\/27160522\/immagine-1-2-624x468.jpg"},"image-designer-product":{"file":"immagine-1-2-644x587.jpg","width":644,"height":587,"mime-type":"image\/jpeg","filesize":47282,"source_url":"https:\/\/static.effe.it\/website\/2025\/10\/27160522\/immagine-1-2-644x587.jpg"},"1536x1536":{"file":"immagine-1-2-1536x1064.jpg","width":1536,"height":1064,"mime-type":"image\/jpeg","filesize":157128,"source_url":"https:\/\/static.effe.it\/website\/2025\/10\/27160522\/immagine-1-2-1536x1064.jpg"},"2048x2048":{"file":"immagine-1-2-2048x1419.jpg","width":2048,"height":1419,"mime-type":"image\/jpeg","filesize":247272,"source_url":"https:\/\/static.effe.it\/website\/2025\/10\/27160522\/immagine-1-2-2048x1419.jpg"}},"image_meta":{"aperture":"0","credit":"","camera":"","caption":"","created_timestamp":"0","copyright":"","focal_length":"0","iso":"0","shutter_speed":"0","title":"","orientation":"0","keywords":[]}},"post":36959,"source_url":"https:\/\/static.effe.it\/website\/2025\/10\/27160522\/immagine-1-2.jpg"},"acf":[],"_links":{"self":[{"href":"https:\/\/www.effe.it\/fr\/wp-json\/wp\/v2\/posts\/36959"}],"collection":[{"href":"https:\/\/www.effe.it\/fr\/wp-json\/wp\/v2\/posts"}],"about":[{"href":"https:\/\/www.effe.it\/fr\/wp-json\/wp\/v2\/types\/post"}],"author":[{"embeddable":true,"href":"https:\/\/www.effe.it\/fr\/wp-json\/wp\/v2\/users\/16826"}],"replies":[{"embeddable":true,"href":"https:\/\/www.effe.it\/fr\/wp-json\/wp\/v2\/comments?post=36959"}],"version-history":[{"count":3,"href":"https:\/\/www.effe.it\/fr\/wp-json\/wp\/v2\/posts\/36959\/revisions"}],"predecessor-version":[{"id":36968,"href":"https:\/\/www.effe.it\/fr\/wp-json\/wp\/v2\/posts\/36959\/revisions\/36968"}],"wp:featuredmedia":[{"embeddable":true,"href":"https:\/\/www.effe.it\/fr\/wp-json\/wp\/v2\/media\/36905"}],"wp:attachment":[{"href":"https:\/\/www.effe.it\/fr\/wp-json\/wp\/v2\/media?parent=36959"}],"wp:term":[{"taxonomy":"category","embeddable":true,"href":"https:\/\/www.effe.it\/fr\/wp-json\/wp\/v2\/categories?post=36959"},{"taxonomy":"post_tag","embeddable":true,"href":"https:\/\/www.effe.it\/fr\/wp-json\/wp\/v2\/tags?post=36959"}],"curies":[{"name":"wp","href":"https:\/\/api.w.org\/{rel}","templated":true}]}}