{"id":33097,"date":"2024-03-25T10:12:09","date_gmt":"2024-03-25T08:12:09","guid":{"rendered":"https:\/\/www.effe.it\/?p=33097"},"modified":"2025-11-10T12:53:37","modified_gmt":"2025-11-10T10:53:37","slug":"e-possibile-fare-la-sauna-in-gravidanza","status":"publish","type":"post","link":"https:\/\/www.effe.it\/fr\/blog\/e-possibile-fare-la-sauna-in-gravidanza\/","title":{"rendered":"Est-il possible de pratiquer le sauna pendant la grossesse\u00a0?"},"content":{"rendered":"\n<figure class=\"wp-block-image size-large\"><img decoding=\"async\" loading=\"lazy\" width=\"1024\" height=\"709\" src=\"https:\/\/static.effe.it\/website\/2024\/04\/30120629\/1-Sauna-1024x709.jpg\" alt=\"- -\" class=\"wp-image-33046\" srcset=\"https:\/\/static.effe.it\/website\/2024\/04\/30120629\/1-Sauna-1024x709.jpg 1024w, https:\/\/static.effe.it\/website\/2024\/04\/30120629\/1-Sauna-300x208.jpg 300w, https:\/\/static.effe.it\/website\/2024\/04\/30120629\/1-Sauna-768x532.jpg 768w, https:\/\/static.effe.it\/website\/2024\/04\/30120629\/1-Sauna.jpg 1045w\" sizes=\"(max-width: 1024px) 100vw, 1024px\" title=\"\"><\/figure>\n\n\n\n<p>La pratique du sauna a fait partie int\u00e9grante de nombreuses cultures pendant des si\u00e8cles, source de bienfaits pour le bien-\u00eatre physique et mental. Quand on parle de sauna pendant la grossesse, toutefois, beaucoup de femmes se demandent si cette pratique est s\u00fbre.<\/p>\n\n\n\n<p>Examinons de pr\u00e8s ce que disent les m\u00e9decins pour comprendre comment prendre un sauna de fa\u00e7on s\u00fbre pendant la grossesse.<\/p>\n\n\n\n<figure class=\"wp-block-image size-full is-resized\"><img decoding=\"async\" loading=\"lazy\" width=\"695\" height=\"495\" src=\"https:\/\/static.effe.it\/website\/2024\/04\/30120906\/2-Sauna-Aladdin-Oak-1.jpg\" alt=\"- -\" class=\"wp-image-33059\" style=\"aspect-ratio:1.404040404040404;width:840px;height:auto\" srcset=\"https:\/\/static.effe.it\/website\/2024\/04\/30120906\/2-Sauna-Aladdin-Oak-1.jpg 695w, https:\/\/static.effe.it\/website\/2024\/04\/30120906\/2-Sauna-Aladdin-Oak-1-300x214.jpg 300w\" sizes=\"(max-width: 695px) 100vw, 695px\" title=\"\"><\/figure>\n\n\n\n<p class=\"has-text-align-center\">Sauna Aladdin Oak <\/p>\n\n\n\n<p><strong><strong>SAUNA PENDANT LA GROSSESSE&nbsp;: QUE DISENT LES M\u00c9DECINS&nbsp;?<\/strong><\/strong><\/p>\n\n\n\n<p>Selon des recherches scientifiques r\u00e9centes (la source est une r\u00e9vision d\u2019\u00e9tudes publi\u00e9e par le British Journal of Sports Medicine) il n\u2019y a pas de risque sp\u00e9cifique pour la grossesse en ce qui concerne les activit\u00e9s actives ou passives pratiqu\u00e9es \u00e0 haute temp\u00e9rature.<\/p>\n\n\n\n<p>L\u2019\u00e9tude indique, en effet, que la capacit\u00e9 de thermor\u00e9gulation du corps pendant la grossesse est m\u00eame meilleure que dans une situation normale.<\/p>\n\n\n\n<p>La chose \u00e0 laquelle faire attention est l\u2019\u00e9tat de sant\u00e9 g\u00e9n\u00e9ral&nbsp;: la grossesse peut conduire \u00e0 une condition physique affaiblie, avec une fatigue particuli\u00e8re ou un \u00e9tat de d\u00e9shydratation. Uniquement dans ces cas-l\u00e0, il convient d\u2019\u00eatre prudentes, d\u2019\u00e9viter les brusques changements de temp\u00e9rature et, le cas \u00e9ch\u00e9ant, de consulter son m\u00e9decin pour des conseils sur une bonne pratique du sauna.<\/p>\n\n\n\n<figure class=\"wp-block-image size-full is-resized\"><img decoding=\"async\" loading=\"lazy\" width=\"695\" height=\"495\" src=\"https:\/\/static.effe.it\/website\/2024\/04\/30121013\/3-Sauna-control-panel.jpg\" alt=\"- -\" class=\"wp-image-33065\" style=\"aspect-ratio:1.404040404040404;width:840px;height:auto\" srcset=\"https:\/\/static.effe.it\/website\/2024\/04\/30121013\/3-Sauna-control-panel.jpg 695w, https:\/\/static.effe.it\/website\/2024\/04\/30121013\/3-Sauna-control-panel-300x214.jpg 300w\" sizes=\"(max-width: 695px) 100vw, 695px\" title=\"\"><\/figure>\n\n\n\n<p class=\"has-text-align-center\">Sauna control panel<\/p>\n\n\n\n<p><strong><strong>SPA PENDANT LE PREMIER TRIMESTRE DE GROSSESSE&nbsp;: EST-CE VRAIMENT LA P\u00c9RIODE LA PLUS CRITIQUE&nbsp;?<\/strong><\/strong><\/p>\n\n\n\n<p>G\u00e9n\u00e9ralement, le premier trimestre est consid\u00e9r\u00e9 comme la p\u00e9riode la plus critique pour la grossesse et on entend souvent dire que le repos absolu est pr\u00e9f\u00e9rable.<\/p>\n\n\n\n<p>Ce n\u2019est pas toujours vrai&nbsp;: chaque femme est diff\u00e9rente et cela d\u00e9pend beaucoup des habitudes personnelles ou de pr\u00e9dispositions sp\u00e9cifiques.<\/p>\n\n\n\n<p>Il est important d\u2019\u00e9couter son corps et d\u2019agir en cons\u00e9quence&nbsp;: si les premi\u00e8res semaines de grossesse n\u2019entra\u00eenent pas de fatigue particuli\u00e8re ou d\u2019autres probl\u00e8mes, il est sain de ne rien changer \u00e0 son style de vie, soit en faisant du sport soit en pratiquant des rituels de relaxation tels que le sauna ou le hammam.<\/p>\n\n\n\n<figure class=\"wp-block-image size-full is-resized\"><img decoding=\"async\" loading=\"lazy\" width=\"695\" height=\"495\" src=\"https:\/\/static.effe.it\/website\/2024\/04\/30121122\/4-Natural-infrared-cabin-1.jpg\" alt=\"- -\" class=\"wp-image-33077\" style=\"aspect-ratio:1.404040404040404;width:840px;height:auto\" srcset=\"https:\/\/static.effe.it\/website\/2024\/04\/30121122\/4-Natural-infrared-cabin-1.jpg 695w, https:\/\/static.effe.it\/website\/2024\/04\/30121122\/4-Natural-infrared-cabin-1-300x214.jpg 300w\" sizes=\"(max-width: 695px) 100vw, 695px\" title=\"\"><\/figure>\n\n\n\n<p class=\"has-text-align-center\">Natural Infrared Cabin<\/p>\n\n\n\n<p><strong><strong>SAUNA FINLANDAIS PENDANT LA GROSSESSE CONTRE CABINE \u00c0 INFRAROUGE PENDANT LA GROSSESSE&nbsp;: QUELLES SONT LES DIFF\u00c9RENCES&nbsp;?<\/strong><\/strong><\/p>\n\n\n\n<p>Les saunas traditionnels et ceux \u00e0 infrarouge diff\u00e8rent dans la mani\u00e8re de r\u00e9chauffer le corps&nbsp;: le sauna finlandais a des temp\u00e9ratures plus \u00e9lev\u00e9es (allant jusqu\u2019\u00e0 90\/100&nbsp;\u00b0C) tandis que les cabines \u00e0 infrarouge r\u00e9chauffent le corps au moyen d\u2019ondes lumineuses, avec des temp\u00e9ratures plus mod\u00e9r\u00e9es (environ 40&nbsp;\u00b0C).<\/p>\n\n\n\n<p>Si l\u2019on souhaite (ou si l\u2019on doit) \u00e9viter tout stress thermique \u00e9lev\u00e9, la cabine \u00e0 infrarouge est s\u00fbrement plus appropri\u00e9e pour prendre un sauna pendant la grossesse.<\/p>\n\n\n\n<figure class=\"wp-block-image size-full is-resized\"><img decoding=\"async\" loading=\"lazy\" width=\"695\" height=\"495\" src=\"https:\/\/static.effe.it\/website\/2024\/04\/30121323\/5-Infrared-control-panel.jpg\" alt=\"- -\" class=\"wp-image-33083\" style=\"aspect-ratio:1.404040404040404;width:840px;height:auto\" srcset=\"https:\/\/static.effe.it\/website\/2024\/04\/30121323\/5-Infrared-control-panel.jpg 695w, https:\/\/static.effe.it\/website\/2024\/04\/30121323\/5-Infrared-control-panel-300x214.jpg 300w\" sizes=\"(max-width: 695px) 100vw, 695px\" title=\"\"><\/figure>\n\n\n\n<p class=\"has-text-align-center\">Infrared control panel <\/p>\n\n\n\n<p><strong>QUELLES SONT LES R\u00c9ELLES CONTRE-INDICATIONS DU SAUNA PENDANT LA GROSSESSE&nbsp;?<\/strong><\/p>\n\n\n\n<p>Un sauna est un environnement chauff\u00e9 con\u00e7u pour fournir une exp\u00e9rience de chaleur s\u00e8che ou humide.<\/p>\n\n\n\n<p>L\u2019exp\u00e9rience de chaleur intense provoque la dilatation des vaisseaux sanguins, en augmentant le flux sanguin et en am\u00e9liorant la circulation. Cela peut entra\u00eener de nombreux avantages pour la sant\u00e9, tels que le soulagement du stress, la relaxation musculaire, l\u2019am\u00e9lioration de la peau et la r\u00e9duction de la douleur musculaire.<\/p>\n\n\n\n<p>Notre corps parvient \u00e0 jouir pleinement de ces bienfaits s\u2019il est dans des conditions id\u00e9ales&nbsp;: en effet les brusques changements de temp\u00e9rature sont une petite source de stress qu\u2019il vaut mieux \u00e9viter si le physique est particuli\u00e8rement affaibli.<\/p>\n\n\n\n<p>Les contre-indications, quand on parle de sauna pendant la grossesse, incluent le risque d\u2019hyperthermie, de d\u00e9shydratation et d\u2019hypotension. Il est donc fondamental de faire attention \u00e0 ses propres limites et surtout d\u2019\u00e9couter son corps.<\/p>\n\n\n\n<figure class=\"wp-block-image size-full is-resized\"><img decoding=\"async\" loading=\"lazy\" width=\"695\" height=\"495\" src=\"https:\/\/static.effe.it\/website\/2024\/04\/30121431\/6-Natural-Sauna.jpg\" alt=\"- -\" class=\"wp-image-33089\" style=\"aspect-ratio:1.404040404040404;width:840px;height:auto\" srcset=\"https:\/\/static.effe.it\/website\/2024\/04\/30121431\/6-Natural-Sauna.jpg 695w, https:\/\/static.effe.it\/website\/2024\/04\/30121431\/6-Natural-Sauna-300x214.jpg 300w\" sizes=\"(max-width: 695px) 100vw, 695px\" title=\"\"><\/figure>\n\n\n\n<p class=\"has-text-align-center\">Natural Sauna<\/p>\n\n\n\n<p><strong><strong>QUE FAIRE SI VOUS AVEZ PRIS UN SAUNA SANS SAVOIR QUE VOUS \u00c9TIEZ ENCEINTE&nbsp;?<\/strong><\/strong><\/p>\n\n\n\n<p>Compte tenu de ce qui a \u00e9t\u00e9 expliqu\u00e9 plus haut, il n\u2019y a pas de probl\u00e8me particulier si une femme a pris un ou plusieurs saunas avant de savoir qu\u2019elle \u00e9tait enceinte.<\/p>\n\n\n\n<p>Si elle se sent bien et que le sauna a favoris\u00e9 un \u00e9tat b\u00e9n\u00e9fique de relaxation, il n\u2019y a aucun risque pour la sant\u00e9 de la future maman ou du f\u0153tus.<\/p>\n\n\n\n<p>Si par contre elle ressent une fatigue particuli\u00e8re ou d\u2019autres troubles de sant\u00e9, pour plus de prudence, il est recommand\u00e9 de consulter son m\u00e9decin.<\/p>\n","protected":false},"excerpt":{"rendered":"<p>La pratique du sauna a fait partie int\u00e9grante de nombreuses cultures pendant des si\u00e8cles, source de bienfaits pour le bien-\u00eatre physique et mental. Quand on parle de sauna pendant la grossesse, toutefois, beaucoup de femmes se demandent si cette pratique est s\u00fbre. Examinons de pr\u00e8s ce que disent les m\u00e9decins pour comprendre comment prendre un [&hellip;]<\/p>\n","protected":false},"author":16826,"featured_media":33049,"comment_status":"closed","ping_status":"closed","sticky":false,"template":"","format":"standard","meta":{"inline_featured_image":false,"footnotes":""},"categories":[1397],"tags":[1590,1385,1398,1432],"better_featured_image":{"id":33049,"alt_text":"","caption":"","description":"","media_type":"image","media_details":{"width":1045,"height":724,"file":"2024\/04\/1-Sauna.jpg","filesize":55705,"sizes":{"medium":{"file":"1-Sauna-300x208.jpg","width":300,"height":208,"mime-type":"image\/jpeg","filesize":8047,"source_url":"https:\/\/static.effe.it\/website\/2024\/04\/30120629\/1-Sauna-300x208.jpg"},"large":{"file":"1-Sauna-1024x709.jpg","width":1024,"height":709,"mime-type":"image\/jpeg","filesize":57081,"source_url":"https:\/\/static.effe.it\/website\/2024\/04\/30120629\/1-Sauna-1024x709.jpg"},"thumbnail":{"file":"1-Sauna-150x150.jpg","width":150,"height":150,"mime-type":"image\/jpeg","filesize":4144,"source_url":"https:\/\/static.effe.it\/website\/2024\/04\/30120629\/1-Sauna-150x150.jpg"},"medium_large":{"file":"1-Sauna-768x532.jpg","width":768,"height":532,"mime-type":"image\/jpeg","filesize":36012,"source_url":"https:\/\/static.effe.it\/website\/2024\/04\/30120629\/1-Sauna-768x532.jpg"},"image-related-size":{"file":"1-Sauna-420x285.jpg","width":420,"height":285,"mime-type":"image\/jpeg","filesize":13339,"source_url":"https:\/\/static.effe.it\/website\/2024\/04\/30120629\/1-Sauna-420x285.jpg"},"image-related-size-bigger-sq":{"file":"1-Sauna-624x468.jpg","width":624,"height":468,"mime-type":"image\/jpeg","filesize":27550,"source_url":"https:\/\/static.effe.it\/website\/2024\/04\/30120629\/1-Sauna-624x468.jpg"},"image-designer-product":{"file":"1-Sauna-644x587.jpg","width":644,"height":587,"mime-type":"image\/jpeg","filesize":34515,"source_url":"https:\/\/static.effe.it\/website\/2024\/04\/30120629\/1-Sauna-644x587.jpg"}},"image_meta":{"aperture":"0","credit":"","camera":"","caption":"","created_timestamp":"0","copyright":"","focal_length":"0","iso":"0","shutter_speed":"0","title":"","orientation":"0","keywords":[]}},"post":33097,"source_url":"https:\/\/static.effe.it\/website\/2024\/04\/30120629\/1-Sauna.jpg"},"acf":[],"_links":{"self":[{"href":"https:\/\/www.effe.it\/fr\/wp-json\/wp\/v2\/posts\/33097"}],"collection":[{"href":"https:\/\/www.effe.it\/fr\/wp-json\/wp\/v2\/posts"}],"about":[{"href":"https:\/\/www.effe.it\/fr\/wp-json\/wp\/v2\/types\/post"}],"author":[{"embeddable":true,"href":"https:\/\/www.effe.it\/fr\/wp-json\/wp\/v2\/users\/16826"}],"replies":[{"embeddable":true,"href":"https:\/\/www.effe.it\/fr\/wp-json\/wp\/v2\/comments?post=33097"}],"version-history":[{"count":3,"href":"https:\/\/www.effe.it\/fr\/wp-json\/wp\/v2\/posts\/33097\/revisions"}],"predecessor-version":[{"id":37242,"href":"https:\/\/www.effe.it\/fr\/wp-json\/wp\/v2\/posts\/33097\/revisions\/37242"}],"wp:featuredmedia":[{"embeddable":true,"href":"https:\/\/www.effe.it\/fr\/wp-json\/wp\/v2\/media\/33049"}],"wp:attachment":[{"href":"https:\/\/www.effe.it\/fr\/wp-json\/wp\/v2\/media?parent=33097"}],"wp:term":[{"taxonomy":"category","embeddable":true,"href":"https:\/\/www.effe.it\/fr\/wp-json\/wp\/v2\/categories?post=33097"},{"taxonomy":"post_tag","embeddable":true,"href":"https:\/\/www.effe.it\/fr\/wp-json\/wp\/v2\/tags?post=33097"}],"curies":[{"name":"wp","href":"https:\/\/api.w.org\/{rel}","templated":true}]}}