{"id":30259,"date":"2023-07-06T12:51:57","date_gmt":"2023-07-06T10:51:57","guid":{"rendered":"https:\/\/www.effe.it\/blog\/radisson-collection-hotel\/"},"modified":"2023-07-06T13:05:32","modified_gmt":"2023-07-06T11:05:32","slug":"radisson-collection-hotel","status":"publish","type":"post","link":"https:\/\/www.effe.it\/fr\/blog\/radisson-collection-hotel\/","title":{"rendered":"Radisson Collection Hotel"},"content":{"rendered":"\n<figure class=\"wp-block-image size-large\"><img decoding=\"async\" loading=\"lazy\" width=\"1024\" height=\"709\" src=\"https:\/\/static.effe.it\/website\/2023\/07\/NEW8102-1024x709.jpg\" alt=\"- -\" class=\"wp-image-30225\" srcset=\"https:\/\/static.effe.it\/website\/2023\/07\/NEW8102-1024x709.jpg 1024w, https:\/\/static.effe.it\/website\/2023\/07\/NEW8102-300x208.jpg 300w, https:\/\/static.effe.it\/website\/2023\/07\/NEW8102-768x532.jpg 768w, https:\/\/static.effe.it\/website\/2023\/07\/NEW8102-1536x1064.jpg 1536w, https:\/\/static.effe.it\/website\/2023\/07\/NEW8102-2048x1419.jpg 2048w, https:\/\/static.effe.it\/website\/2023\/07\/NEW8102.jpg 2090w\" sizes=\"(max-width: 1024px) 100vw, 1024px\" title=\"\"><\/figure>\n\n\n\n<p>UnL\u2019un des plus beaux b\u00e2timents de Milan, autrefois si\u00e8ge du Touring club italien, a \u00e9t\u00e9 r\u00e9nov\u00e9 en 2021 pour devenir le prestigieux Radisson Collection Hotel. Le projet, sign\u00e9 par le Studio Marco Piva, a pr\u00e9serv\u00e9 et mis en valeur le patrimoine historique et culturel de l\u2019immeuble. Effe a eu le plaisir d\u2019\u00eatre choisie comme partenaire pour am\u00e9nager la zone bien-\u00eatre du projet.<\/p>\n\n\n\n<figure class=\"wp-block-image size-large\"><img decoding=\"async\" loading=\"lazy\" width=\"1024\" height=\"729\" src=\"https:\/\/static.effe.it\/website\/2023\/07\/NEW3942-1024x729.jpg\" alt=\"- -\" class=\"wp-image-30231\" srcset=\"https:\/\/static.effe.it\/website\/2023\/07\/NEW3942-1024x729.jpg 1024w, https:\/\/static.effe.it\/website\/2023\/07\/NEW3942-300x214.jpg 300w, https:\/\/static.effe.it\/website\/2023\/07\/NEW3942-768x547.jpg 768w, https:\/\/static.effe.it\/website\/2023\/07\/NEW3942.jpg 1390w\" sizes=\"(max-width: 1024px) 100vw, 1024px\" title=\"\"><figcaption>Project Studio Marco Piva <br>Photographe\u00a0: Andrea Martiradonna<\/figcaption><\/figure>\n\n\n\n<figure class=\"wp-block-image size-large is-resized\"><img decoding=\"async\" loading=\"lazy\" src=\"https:\/\/static.effe.it\/website\/2023\/07\/NEW3657-1024x729.jpg\" alt=\"- -\" class=\"wp-image-30237\" width=\"840\" height=\"598\" srcset=\"https:\/\/static.effe.it\/website\/2023\/07\/NEW3657-1024x729.jpg 1024w, https:\/\/static.effe.it\/website\/2023\/07\/NEW3657-300x214.jpg 300w, https:\/\/static.effe.it\/website\/2023\/07\/NEW3657-768x547.jpg 768w, https:\/\/static.effe.it\/website\/2023\/07\/NEW3657.jpg 1390w\" sizes=\"(max-width: 840px) 100vw, 840px\" title=\"\"><figcaption>Spa de l\u2019h\u00f4tel<\/figcaption><\/figure>\n\n\n\n<p>Sauna et Hammam con\u00e7us sur mesure gr\u00e2ce \u00e0 une \u00e9quipe de professionnels qui accompagnent le client \u00e0 chaque \u00e9tape. Effe dispose d\u2019un savoir-faire incomparable qui garantit la qualit\u00e9, le soin des d\u00e9tails et l\u2019innovation technologique. Dans les spas, qu\u2019ils soient publics ou priv\u00e9s, rien n\u2019est laiss\u00e9 au hasard. Les accessoires conf\u00e8rent de l\u2019\u00e9l\u00e9gance \u00e0 chaque projet.<\/p>\n\n\n\n<p>De ce point de vue \u00e9galement, Effe est le partenaire id\u00e9al pour les architectes \u00e0 la recherche de solutions exclusives pour leurs r\u00e9alisations.<\/p>\n\n\n\n<div class=\"wp-block-columns is-layout-flex wp-container-3 wp-block-columns-is-layout-flex\">\n<div class=\"wp-block-column is-layout-flow wp-block-column-is-layout-flow\">\n<figure class=\"wp-block-image size-full is-resized\"><img decoding=\"async\" loading=\"lazy\" src=\"https:\/\/static.effe.it\/website\/2023\/07\/NEW3645.jpg\" alt=\"- -\" class=\"wp-image-30243\" width=\"402\" height=\"402\" srcset=\"https:\/\/static.effe.it\/website\/2023\/07\/NEW3645.jpg 990w, https:\/\/static.effe.it\/website\/2023\/07\/NEW3645-300x300.jpg 300w, https:\/\/static.effe.it\/website\/2023\/07\/NEW3645-150x150.jpg 150w, https:\/\/static.effe.it\/website\/2023\/07\/NEW3645-768x768.jpg 768w\" sizes=\"(max-width: 402px) 100vw, 402px\" title=\"\"><figcaption>Lit relax avec appui-t\u00eate de la ligne Auki by Effe<\/figcaption><\/figure>\n<\/div>\n\n\n\n<div class=\"wp-block-column is-layout-flow wp-block-column-is-layout-flow\">\n<figure class=\"wp-block-image size-full\"><img decoding=\"async\" loading=\"lazy\" width=\"990\" height=\"1000\" src=\"https:\/\/static.effe.it\/website\/2023\/07\/NEW3636.jpg\" alt=\"- -\" class=\"wp-image-30249\" srcset=\"https:\/\/static.effe.it\/website\/2023\/07\/NEW3636.jpg 990w, https:\/\/static.effe.it\/website\/2023\/07\/NEW3636-297x300.jpg 297w, https:\/\/static.effe.it\/website\/2023\/07\/NEW3636-768x776.jpg 768w\" sizes=\"(max-width: 990px) 100vw, 990px\" title=\"\"><figcaption>Sauna et Hammam by Effe<\/figcaption><\/figure>\n<\/div>\n<\/div>\n","protected":false},"excerpt":{"rendered":"<p>UnL\u2019un des plus beaux b\u00e2timents de Milan, autrefois si\u00e8ge du Touring club italien, a \u00e9t\u00e9 r\u00e9nov\u00e9 en 2021 pour devenir le prestigieux Radisson Collection Hotel. Le projet, sign\u00e9 par le Studio Marco Piva, a pr\u00e9serv\u00e9 et mis en valeur le patrimoine historique et culturel de l\u2019immeuble. Effe a eu le plaisir d\u2019\u00eatre choisie comme partenaire [&hellip;]<\/p>\n","protected":false},"author":12,"featured_media":30225,"comment_status":"closed","ping_status":"closed","sticky":false,"template":"","format":"standard","meta":{"inline_featured_image":false,"footnotes":""},"categories":[1381,1382],"tags":[1383,1384,1385],"better_featured_image":{"id":30225,"alt_text":"","caption":"","description":"","media_type":"image","media_details":{"width":2090,"height":1448,"file":"2023\/07\/NEW8102.jpg","sizes":{"medium":{"file":"NEW8102-300x208.jpg","width":300,"height":208,"mime-type":"image\/jpeg","source_url":"https:\/\/static.effe.it\/website\/2023\/07\/NEW8102-300x208.jpg"},"large":{"file":"NEW8102-1024x709.jpg","width":1024,"height":709,"mime-type":"image\/jpeg","source_url":"https:\/\/static.effe.it\/website\/2023\/07\/NEW8102-1024x709.jpg"},"thumbnail":{"file":"NEW8102-150x150.jpg","width":150,"height":150,"mime-type":"image\/jpeg","source_url":"https:\/\/static.effe.it\/website\/2023\/07\/NEW8102-150x150.jpg"},"medium_large":{"file":"NEW8102-768x532.jpg","width":768,"height":532,"mime-type":"image\/jpeg","source_url":"https:\/\/static.effe.it\/website\/2023\/07\/NEW8102-768x532.jpg"},"image-related-size":{"file":"NEW8102-420x285.jpg","width":420,"height":285,"mime-type":"image\/jpeg","source_url":"https:\/\/static.effe.it\/website\/2023\/07\/NEW8102-420x285.jpg"},"image-related-size-bigger-sq":{"file":"NEW8102-624x468.jpg","width":624,"height":468,"mime-type":"image\/jpeg","source_url":"https:\/\/static.effe.it\/website\/2023\/07\/NEW8102-624x468.jpg"},"image-designer-product":{"file":"NEW8102-644x587.jpg","width":644,"height":587,"mime-type":"image\/jpeg","source_url":"https:\/\/static.effe.it\/website\/2023\/07\/NEW8102-644x587.jpg"},"1536x1536":{"file":"NEW8102-1536x1064.jpg","width":1536,"height":1064,"mime-type":"image\/jpeg","source_url":"https:\/\/static.effe.it\/website\/2023\/07\/NEW8102-1536x1064.jpg"},"2048x2048":{"file":"NEW8102-2048x1419.jpg","width":2048,"height":1419,"mime-type":"image\/jpeg","source_url":"https:\/\/static.effe.it\/website\/2023\/07\/NEW8102-2048x1419.jpg"}},"image_meta":{"aperture":"0","credit":"","camera":"","caption":"","created_timestamp":"0","copyright":"","focal_length":"0","iso":"0","shutter_speed":"0","title":"","orientation":"0","keywords":[]}},"post":30259,"source_url":"https:\/\/static.effe.it\/website\/2023\/07\/NEW8102.jpg"},"acf":[],"_links":{"self":[{"href":"https:\/\/www.effe.it\/fr\/wp-json\/wp\/v2\/posts\/30259"}],"collection":[{"href":"https:\/\/www.effe.it\/fr\/wp-json\/wp\/v2\/posts"}],"about":[{"href":"https:\/\/www.effe.it\/fr\/wp-json\/wp\/v2\/types\/post"}],"author":[{"embeddable":true,"href":"https:\/\/www.effe.it\/fr\/wp-json\/wp\/v2\/users\/12"}],"replies":[{"embeddable":true,"href":"https:\/\/www.effe.it\/fr\/wp-json\/wp\/v2\/comments?post=30259"}],"version-history":[{"count":5,"href":"https:\/\/www.effe.it\/fr\/wp-json\/wp\/v2\/posts\/30259\/revisions"}],"predecessor-version":[{"id":30273,"href":"https:\/\/www.effe.it\/fr\/wp-json\/wp\/v2\/posts\/30259\/revisions\/30273"}],"wp:featuredmedia":[{"embeddable":true,"href":"https:\/\/www.effe.it\/fr\/wp-json\/wp\/v2\/media\/30225"}],"wp:attachment":[{"href":"https:\/\/www.effe.it\/fr\/wp-json\/wp\/v2\/media?parent=30259"}],"wp:term":[{"taxonomy":"category","embeddable":true,"href":"https:\/\/www.effe.it\/fr\/wp-json\/wp\/v2\/categories?post=30259"},{"taxonomy":"post_tag","embeddable":true,"href":"https:\/\/www.effe.it\/fr\/wp-json\/wp\/v2\/tags?post=30259"}],"curies":[{"name":"wp","href":"https:\/\/api.w.org\/{rel}","templated":true}]}}