{"id":8614,"date":"2019-06-03T10:25:18","date_gmt":"2019-06-03T08:25:18","guid":{"rendered":"https:\/\/www.effe.it\/blog\/architectwork-torino\/"},"modified":"2021-08-17T15:41:05","modified_gmt":"2021-08-17T13:41:05","slug":"architectwork-torino","status":"publish","type":"post","link":"https:\/\/www.effe.it\/es\/blog\/architectwork-torino\/","title":{"rendered":"ARCHITECT@WORK Torino"},"content":{"rendered":"<h2>23 - 24 Octubre<\/h2>\n<h2>Tur\u00edn, Italia<\/h2>\n<h2 style=\"display: inline; text-align: left;\">Stand 20<\/h2>\n<p> &nbsp;<\/p>\n<p style=\"text-align: left; line-height: 2.0;\">En octubre estaremos presentes en el <strong>ARCHITECT @ WORK, Tur\u00edn, Italia.<\/strong> C4 -Creative Fo (u) r ha creado el exclusivo e innovador layout de exposici\u00f3n de <strong>ARCHITECT @ WORK<\/strong>.<\/p>\n<p> Para garantizar un contacto excelente entre expositores y visitantes, se gu\u00eda autom\u00e1ticamente a los visitantes por un recorrido que serpentea a trav\u00e9s de m\u00f3dulos peque\u00f1os y uniformes.<\/p>\n<p> \u00a1Ven a visitarnos, te esperamos!<\/p>\n<p style=\"text-align: left; line-height: 2.0;\"><img decoding=\"async\" loading=\"lazy\" class=\"alignnone size-medium wp-image-34543\" style=\"margin: 20px auto;\" src=\"https:\/\/www.effe.it\/wp-content\/uploads\/2019\/06\/26-1-2015_15_37_21_homefotoalbumpic.jpg\" alt=\"9mod_p_900px\" width=\"700\" height=\"525\" title=\"\"><\/p>\n","protected":false},"excerpt":{"rendered":"<p>23 - 24 Octubre Tur\u00edn, Italia Stand 20 &nbsp; En octubre estaremos presentes en el ARCHITECT @ WORK, Tur\u00edn, Italia. C4 -Creative Fo (u) r ha creado el exclusivo e innovador layout de exposici\u00f3n de ARCHITECT @ WORK. Para garantizar un contacto excelente entre expositores y visitantes, se gu\u00eda autom\u00e1ticamente a los visitantes por un [&hellip;]<\/p>\n","protected":false},"author":2,"featured_media":7800,"comment_status":"open","ping_status":"open","sticky":false,"template":"","format":"standard","meta":{"inline_featured_image":false,"footnotes":""},"categories":[759],"tags":[],"better_featured_image":{"id":7800,"alt_text":"","caption":"","description":"","media_type":"image","media_details":{"width":800,"height":550,"file":"2021\/08\/torinoARCHITECT@WORK-torino.jpg","sizes":{"medium":{"file":"torinoARCHITECT@WORK-torino-300x206.jpg","width":300,"height":206,"mime-type":"image\/jpeg","source_url":"https:\/\/static.effe.it\/website\/2021\/08\/torinoARCHITECT%40WORK-torino-300x206.jpg"},"thumbnail":{"file":"torinoARCHITECT@WORK-torino-150x150.jpg","width":150,"height":150,"mime-type":"image\/jpeg","source_url":"https:\/\/static.effe.it\/website\/2021\/08\/torinoARCHITECT%40WORK-torino-150x150.jpg"},"medium_large":{"file":"torinoARCHITECT@WORK-torino-768x528.jpg","width":768,"height":528,"mime-type":"image\/jpeg","source_url":"https:\/\/static.effe.it\/website\/2021\/08\/torinoARCHITECT%40WORK-torino-768x528.jpg"},"image-related-size":{"file":"torinoARCHITECT@WORK-torino-420x285.jpg","width":420,"height":285,"mime-type":"image\/jpeg","source_url":"https:\/\/static.effe.it\/website\/2021\/08\/torinoARCHITECT%40WORK-torino-420x285.jpg"},"image-related-size-bigger-sq":{"file":"torinoARCHITECT@WORK-torino-624x468.jpg","width":624,"height":468,"mime-type":"image\/jpeg","source_url":"https:\/\/static.effe.it\/website\/2021\/08\/torinoARCHITECT%40WORK-torino-624x468.jpg"},"image-designer-product":{"file":"torinoARCHITECT@WORK-torino-644x550.jpg","width":644,"height":550,"mime-type":"image\/jpeg","source_url":"https:\/\/static.effe.it\/website\/2021\/08\/torinoARCHITECT%40WORK-torino-644x550.jpg"}},"image_meta":{"aperture":"0","credit":"","camera":"","caption":"","created_timestamp":"0","copyright":"","focal_length":"0","iso":"0","shutter_speed":"0","title":"","orientation":"0","keywords":[]}},"post":8614,"source_url":"https:\/\/static.effe.it\/website\/2021\/08\/torinoARCHITECT%40WORK-torino.jpg"},"acf":[],"_links":{"self":[{"href":"https:\/\/www.effe.it\/es\/wp-json\/wp\/v2\/posts\/8614"}],"collection":[{"href":"https:\/\/www.effe.it\/es\/wp-json\/wp\/v2\/posts"}],"about":[{"href":"https:\/\/www.effe.it\/es\/wp-json\/wp\/v2\/types\/post"}],"author":[{"embeddable":true,"href":"https:\/\/www.effe.it\/es\/wp-json\/wp\/v2\/users\/2"}],"replies":[{"embeddable":true,"href":"https:\/\/www.effe.it\/es\/wp-json\/wp\/v2\/comments?post=8614"}],"version-history":[{"count":1,"href":"https:\/\/www.effe.it\/es\/wp-json\/wp\/v2\/posts\/8614\/revisions"}],"predecessor-version":[{"id":8689,"href":"https:\/\/www.effe.it\/es\/wp-json\/wp\/v2\/posts\/8614\/revisions\/8689"}],"wp:featuredmedia":[{"embeddable":true,"href":"https:\/\/www.effe.it\/es\/wp-json\/wp\/v2\/media\/7800"}],"wp:attachment":[{"href":"https:\/\/www.effe.it\/es\/wp-json\/wp\/v2\/media?parent=8614"}],"wp:term":[{"taxonomy":"category","embeddable":true,"href":"https:\/\/www.effe.it\/es\/wp-json\/wp\/v2\/categories?post=8614"},{"taxonomy":"post_tag","embeddable":true,"href":"https:\/\/www.effe.it\/es\/wp-json\/wp\/v2\/tags?post=8614"}],"curies":[{"name":"wp","href":"https:\/\/api.w.org\/{rel}","templated":true}]}}