{"id":8613,"date":"2019-06-05T10:23:09","date_gmt":"2019-06-05T08:23:09","guid":{"rendered":"https:\/\/www.effe.it\/blog\/westedge-design-fair\/"},"modified":"2021-08-17T15:41:04","modified_gmt":"2021-08-17T13:41:04","slug":"westedge-design-fair","status":"publish","type":"post","link":"https:\/\/www.effe.it\/es\/blog\/westedge-design-fair\/","title":{"rendered":"Westedge Design Fair"},"content":{"rendered":"<h2>24 - 27 Octubre<\/h2>\n<h2>The barker hangar, Santa Monica, California<\/h2>\n<h2 style=\"display: inline; text-align: left;\">Stand 131<\/h2>\n<p> &nbsp;<\/p>\n<p style=\"text-align: left; line-height: 2.0;\">En octubre estaremos presentes en el <strong>Westedge Desing Fair, Santa Monica, California. <\/strong>El WestEdge, que ha llegado a su sexta edici\u00f3n, ofrece lo mejor del <strong>dise\u00f1o moderno<\/strong>, y todo ello en un ambiente dise\u00f1ado para participar, entretener e inspirar. <strong>La feria ofrece la oportunidad de comprar<\/strong> a marcas de muebles para la casa y conocer a los dise\u00f1adores que se encuentran detr\u00e1s de millones de productos que inspiran. Adem\u00e1s, los participantes pueden <strong>obtener informaciones de los principales nombres del sector del dise\u00f1o<\/strong> con una serie completa de programas educativos y eventos especiales.<\/p>\n<p> \u00a1Ven a visitarnos, te esperamos!<\/p>\n<p style=\"text-align: left; line-height: 2.0;\"><img decoding=\"async\" loading=\"lazy\" class=\"alignnone size-medium wp-image-34543\" style=\"margin: 20px auto;\" src=\"https:\/\/www.effe.it\/wp-content\/uploads\/2019\/06\/DSC_0873-1030x687.jpg\" alt=\"9mod_p_900px\" width=\"700\" height=\"525\" title=\"\"><\/p>\n","protected":false},"excerpt":{"rendered":"<p>24 - 27 Octubre The barker hangar, Santa Monica, California Stand 131 &nbsp; En octubre estaremos presentes en el Westedge Desing Fair, Santa Monica, California. El WestEdge, que ha llegado a su sexta edici\u00f3n, ofrece lo mejor del dise\u00f1o moderno, y todo ello en un ambiente dise\u00f1ado para participar, entretener e inspirar. La feria ofrece [&hellip;]<\/p>\n","protected":false},"author":2,"featured_media":2354,"comment_status":"open","ping_status":"open","sticky":false,"template":"","format":"standard","meta":{"inline_featured_image":false,"footnotes":""},"categories":[759],"tags":[],"better_featured_image":{"id":2354,"alt_text":"","caption":"","description":"","media_type":"image","media_details":{"width":800,"height":600,"file":"2021\/07\/westedge-design-fair.jpg","sizes":{"medium":{"file":"westedge-design-fair-300x225.jpg","width":300,"height":225,"mime-type":"image\/jpeg","source_url":"https:\/\/static.effe.it\/website\/2021\/07\/westedge-design-fair-300x225.jpg"},"thumbnail":{"file":"westedge-design-fair-150x150.jpg","width":150,"height":150,"mime-type":"image\/jpeg","source_url":"https:\/\/static.effe.it\/website\/2021\/07\/westedge-design-fair-150x150.jpg"},"medium_large":{"file":"westedge-design-fair-768x576.jpg","width":768,"height":576,"mime-type":"image\/jpeg","source_url":"https:\/\/static.effe.it\/website\/2021\/07\/westedge-design-fair-768x576.jpg"},"image-related-size":{"file":"westedge-design-fair-420x285.jpg","width":420,"height":285,"mime-type":"image\/jpeg","source_url":"https:\/\/static.effe.it\/website\/2021\/07\/westedge-design-fair-420x285.jpg"},"image-related-size-bigger-sq":{"file":"westedge-design-fair-624x468.jpg","width":624,"height":468,"mime-type":"image\/jpeg","source_url":"https:\/\/static.effe.it\/website\/2021\/07\/westedge-design-fair-624x468.jpg"},"image-designer-product":{"file":"westedge-design-fair-644x587.jpg","width":644,"height":587,"mime-type":"image\/jpeg","source_url":"https:\/\/static.effe.it\/website\/2021\/07\/westedge-design-fair-644x587.jpg"}},"image_meta":{"aperture":"0","credit":"","camera":"","caption":"","created_timestamp":"0","copyright":"","focal_length":"0","iso":"0","shutter_speed":"0","title":"","orientation":"0","keywords":[]}},"post":8613,"source_url":"https:\/\/static.effe.it\/website\/2021\/07\/westedge-design-fair.jpg"},"acf":[],"_links":{"self":[{"href":"https:\/\/www.effe.it\/es\/wp-json\/wp\/v2\/posts\/8613"}],"collection":[{"href":"https:\/\/www.effe.it\/es\/wp-json\/wp\/v2\/posts"}],"about":[{"href":"https:\/\/www.effe.it\/es\/wp-json\/wp\/v2\/types\/post"}],"author":[{"embeddable":true,"href":"https:\/\/www.effe.it\/es\/wp-json\/wp\/v2\/users\/2"}],"replies":[{"embeddable":true,"href":"https:\/\/www.effe.it\/es\/wp-json\/wp\/v2\/comments?post=8613"}],"version-history":[{"count":1,"href":"https:\/\/www.effe.it\/es\/wp-json\/wp\/v2\/posts\/8613\/revisions"}],"predecessor-version":[{"id":8688,"href":"https:\/\/www.effe.it\/es\/wp-json\/wp\/v2\/posts\/8613\/revisions\/8688"}],"wp:featuredmedia":[{"embeddable":true,"href":"https:\/\/www.effe.it\/es\/wp-json\/wp\/v2\/media\/2354"}],"wp:attachment":[{"href":"https:\/\/www.effe.it\/es\/wp-json\/wp\/v2\/media?parent=8613"}],"wp:term":[{"taxonomy":"category","embeddable":true,"href":"https:\/\/www.effe.it\/es\/wp-json\/wp\/v2\/categories?post=8613"},{"taxonomy":"post_tag","embeddable":true,"href":"https:\/\/www.effe.it\/es\/wp-json\/wp\/v2\/tags?post=8613"}],"curies":[{"name":"wp","href":"https:\/\/api.w.org\/{rel}","templated":true}]}}