{"id":8609,"date":"2019-06-12T09:57:20","date_gmt":"2019-06-12T07:57:20","guid":{"rendered":"https:\/\/www.effe.it\/blog\/architectwork-dusseldorf\/"},"modified":"2021-08-17T15:41:02","modified_gmt":"2021-08-17T13:41:02","slug":"aw-duesseldorf","status":"publish","type":"post","link":"https:\/\/www.effe.it\/es\/blog\/aw-duesseldorf\/","title":{"rendered":"ARCHITECT@WORK D\u00fcsseldorf"},"content":{"rendered":"<h2>4 - 5 Diciembre<\/h2>\n<h2>Dusseldorf, Alemania<\/h2>\n<h2 style=\"display: inline; text-align: left;\">Stand 219<\/h2>\n<p> &nbsp;<\/p>\n<p style=\"text-align: left; line-height: 2.0;\">En diciembre estaremos presentes en el <strong>ARCHITECT @ WORK, Dusseldorf, Alemania<\/strong>. C4 -Creative Fo (u) r ha creado el exclusivo e innovador layout de exposici\u00f3n de <strong>ARCHITECT @ WORK<\/strong>.<br \/>\n Para garantizar un contacto excelente entre expositores y visitantes, se gu\u00eda autom\u00e1ticamente a los visitantes por un recorrido que serpentea a trav\u00e9s de m\u00f3dulos peque\u00f1os y uniformes.<\/p>\n<p style=\"text-align: left; line-height: 2.0;\">\u00a1Ven a visitarnos, te esperamos!<\/p>\n<p style=\"text-align: left; line-height: 2.0;\"><img decoding=\"async\" loading=\"lazy\" class=\"alignnone size-medium wp-image-34543\" style=\"margin: 20px auto;\" src=\"https:\/\/www.effe.it\/wp-content\/uploads\/2019\/06\/26-1-2015_15_37_21_homefotoalbumpic.jpg\" alt=\"9mod_p_900px\" width=\"700\" height=\"525\" title=\"\"><\/p>\n","protected":false},"excerpt":{"rendered":"<p>4 - 5 Diciembre Dusseldorf, Alemania Stand 219 &nbsp; En diciembre estaremos presentes en el ARCHITECT @ WORK, Dusseldorf, Alemania. C4 -Creative Fo (u) r ha creado el exclusivo e innovador layout de exposici\u00f3n de ARCHITECT @ WORK. Para garantizar un contacto excelente entre expositores y visitantes, se gu\u00eda autom\u00e1ticamente a los visitantes por un [&hellip;]<\/p>\n","protected":false},"author":2,"featured_media":8520,"comment_status":"open","ping_status":"open","sticky":false,"template":"","format":"standard","meta":{"inline_featured_image":false,"footnotes":""},"categories":[759],"tags":[],"better_featured_image":{"id":8520,"alt_text":"","caption":"","description":"","media_type":"image","media_details":{"width":800,"height":578,"file":"2021\/08\/a@wARCHITECT@WORK-Dusseldorf.jpg","sizes":{"medium":{"file":"a@wARCHITECT@WORK-Dusseldorf-300x217.jpg","width":300,"height":217,"mime-type":"image\/jpeg","source_url":"https:\/\/static.effe.it\/website\/2021\/08\/a%40wARCHITECT%40WORK-Dusseldorf-300x217.jpg"},"thumbnail":{"file":"a@wARCHITECT@WORK-Dusseldorf-150x150.jpg","width":150,"height":150,"mime-type":"image\/jpeg","source_url":"https:\/\/static.effe.it\/website\/2021\/08\/a%40wARCHITECT%40WORK-Dusseldorf-150x150.jpg"},"medium_large":{"file":"a@wARCHITECT@WORK-Dusseldorf-768x555.jpg","width":768,"height":555,"mime-type":"image\/jpeg","source_url":"https:\/\/static.effe.it\/website\/2021\/08\/a%40wARCHITECT%40WORK-Dusseldorf-768x555.jpg"},"image-related-size":{"file":"a@wARCHITECT@WORK-Dusseldorf-420x285.jpg","width":420,"height":285,"mime-type":"image\/jpeg","source_url":"https:\/\/static.effe.it\/website\/2021\/08\/a%40wARCHITECT%40WORK-Dusseldorf-420x285.jpg"},"image-related-size-bigger-sq":{"file":"a@wARCHITECT@WORK-Dusseldorf-624x468.jpg","width":624,"height":468,"mime-type":"image\/jpeg","source_url":"https:\/\/static.effe.it\/website\/2021\/08\/a%40wARCHITECT%40WORK-Dusseldorf-624x468.jpg"},"image-designer-product":{"file":"a@wARCHITECT@WORK-Dusseldorf-644x578.jpg","width":644,"height":578,"mime-type":"image\/jpeg","source_url":"https:\/\/static.effe.it\/website\/2021\/08\/a%40wARCHITECT%40WORK-Dusseldorf-644x578.jpg"}},"image_meta":{"aperture":"0","credit":"","camera":"","caption":"","created_timestamp":"0","copyright":"","focal_length":"0","iso":"0","shutter_speed":"0","title":"","orientation":"0","keywords":[]}},"post":8609,"source_url":"https:\/\/static.effe.it\/website\/2021\/08\/a%40wARCHITECT%40WORK-Dusseldorf.jpg"},"acf":[],"_links":{"self":[{"href":"https:\/\/www.effe.it\/es\/wp-json\/wp\/v2\/posts\/8609"}],"collection":[{"href":"https:\/\/www.effe.it\/es\/wp-json\/wp\/v2\/posts"}],"about":[{"href":"https:\/\/www.effe.it\/es\/wp-json\/wp\/v2\/types\/post"}],"author":[{"embeddable":true,"href":"https:\/\/www.effe.it\/es\/wp-json\/wp\/v2\/users\/2"}],"replies":[{"embeddable":true,"href":"https:\/\/www.effe.it\/es\/wp-json\/wp\/v2\/comments?post=8609"}],"version-history":[{"count":1,"href":"https:\/\/www.effe.it\/es\/wp-json\/wp\/v2\/posts\/8609\/revisions"}],"predecessor-version":[{"id":8684,"href":"https:\/\/www.effe.it\/es\/wp-json\/wp\/v2\/posts\/8609\/revisions\/8684"}],"wp:featuredmedia":[{"embeddable":true,"href":"https:\/\/www.effe.it\/es\/wp-json\/wp\/v2\/media\/8520"}],"wp:attachment":[{"href":"https:\/\/www.effe.it\/es\/wp-json\/wp\/v2\/media?parent=8609"}],"wp:term":[{"taxonomy":"category","embeddable":true,"href":"https:\/\/www.effe.it\/es\/wp-json\/wp\/v2\/categories?post=8609"},{"taxonomy":"post_tag","embeddable":true,"href":"https:\/\/www.effe.it\/es\/wp-json\/wp\/v2\/tags?post=8609"}],"curies":[{"name":"wp","href":"https:\/\/api.w.org\/{rel}","templated":true}]}}