{"id":8602,"date":"2018-04-03T17:06:43","date_gmt":"2018-04-03T15:06:43","guid":{"rendered":"https:\/\/www.effe.it\/blog\/sauna-a-medida\/"},"modified":"2022-03-17T18:39:49","modified_gmt":"2022-03-17T16:39:49","slug":"sauna-a-medida","status":"publish","type":"post","link":"https:\/\/www.effe.it\/es\/blog\/sauna-a-medida\/","title":{"rendered":"Sauna a medida"},"content":{"rendered":"<div class=\"paragraph\">\n<p>Dejarse guiar por la inspiraci\u00f3n, imaginar un rinc\u00f3n de la propia vivienda dedicado al relax, aprovechar un peque\u00f1o espacio inutilizado o, al contrario, disponer de un gran ambiente para so\u00f1ar en grande.<\/p>\n<p>No importa si el ambiente es grande o peque\u00f1o, en cualquier caso, pensar en un Spa significa convertir ese espacio en el espacio de tus sue\u00f1os. Y para no poner l\u00edmite a la imaginaci\u00f3n, Effe pone al servicio de sus clientes un equipo de personas preparadas y atentas a todas las necesidades, para poder satisfacerlos realmente y no s\u00f3lo adaptar sus deseos a simples soluciones est\u00e1ndar.<\/p>\n<p>Las instalaciones previas para la instalaci\u00f3n de una aut\u00e9ntica <a href=\"https:\/\/www.effe.it\/es\/productos\/saunas\/\" target=\"_blank\" rel=\"noopener\"><strong>sauna finlandesa a medida<\/strong><\/a> son realmente m\u00ednimas, y tampoco las caracter\u00edsticas del local donde se tiene que instalar son r\u00edgidas, lo importante es que el local tenga una altura de m\u00ednimo 2,20 m. La presencia de ventanas o claraboyas es preferible pero no obligatoria. Techos inclinados o irregularidades en la mamposter\u00eda no son un problema. Para solicitar un presupuesto a menudo es suficiente un plano con las medidas exactas del local, pero si el cliente lo prefiere, para mayor seguridad o en situaciones complicadas, Effe puede efectuar una inspecci\u00f3n para analizar todos los l\u00edmites y las posibilidades del local.<\/p>\n<p>Seg\u00fan el tama\u00f1o, y por tanto el n\u00famero de usuarios, los dise\u00f1adores Effe propondr\u00e1n las diversas hip\u00f3tesis de mobiliario interno de acuerdo con la propia experiencia y profesionalidad. Evaluaremos naturalmente todas tus necesidades atentamente de forma que puedas disfrutar no s\u00f3lo de una sauna, sino de <strong><a href=\"https:\/\/www.effe.it\/es\/productos\/saunas\/\">TU sauna finlandesa personal<\/a><\/strong>. Tambi\u00e9n las soluciones externas son m\u00faltiples: desde el acabado al tipo de tirador, al dise\u00f1o de las paredes de vidrio, cada sauna Effe est\u00e1 pensada para colocarse de la mejor forma posible en cualquier ambiente y mejorarlo gracias al propio dise\u00f1o sobrio y refinado firmado <strong><a href=\"https:\/\/www.effe.it\/es\/designer\/\" target=\"_blank\" rel=\"noopener\">Talocci design<\/a><\/strong>.<\/p>\n<p>Adem\u00e1s, la instalaci\u00f3n de la sauna ser\u00e1 r\u00e1pida e indolora gracias a los instaladores especializados y a la producci\u00f3n prefabricada. En efecto, cada elemento de la sauna llegar\u00e1 al lugar del montaje ya preparado para ser ensamblado, y esto representar\u00e1 una ventaja considerable en los tiempos y en los costes del producto.<\/p>\n<p>Effe, nuestra competencia, TU sauna a medida.<\/p>\n<\/div>\n<div class=\"clear\"><\/div>\n","protected":false},"excerpt":{"rendered":"<p>Dejarse guiar por la inspiraci\u00f3n, imaginar un rinc\u00f3n de la propia vivienda dedicado al relax, aprovechar un peque\u00f1o espacio inutilizado o, al contrario, disponer de un gran ambiente para so\u00f1ar en grande. No importa si el ambiente es grande o peque\u00f1o, en cualquier caso, pensar en un Spa significa convertir ese espacio en el espacio [&hellip;]<\/p>\n","protected":false},"author":2,"featured_media":2028,"comment_status":"open","ping_status":"open","sticky":false,"template":"","format":"standard","meta":{"inline_featured_image":false,"footnotes":""},"categories":[754,760],"tags":[],"better_featured_image":{"id":2028,"alt_text":"","caption":"","description":"","media_type":"image","media_details":{"width":800,"height":500,"file":"2021\/07\/sauna-su-misura-per-casa.jpg","sizes":{"medium":{"file":"sauna-su-misura-per-casa-300x188.jpg","width":300,"height":188,"mime-type":"image\/jpeg","source_url":"https:\/\/static.effe.it\/website\/2021\/07\/sauna-su-misura-per-casa-300x188.jpg"},"thumbnail":{"file":"sauna-su-misura-per-casa-150x150.jpg","width":150,"height":150,"mime-type":"image\/jpeg","source_url":"https:\/\/static.effe.it\/website\/2021\/07\/sauna-su-misura-per-casa-150x150.jpg"},"medium_large":{"file":"sauna-su-misura-per-casa-768x480.jpg","width":768,"height":480,"mime-type":"image\/jpeg","source_url":"https:\/\/static.effe.it\/website\/2021\/07\/sauna-su-misura-per-casa-768x480.jpg"},"image-related-size":{"file":"sauna-su-misura-per-casa-420x285.jpg","width":420,"height":285,"mime-type":"image\/jpeg","source_url":"https:\/\/static.effe.it\/website\/2021\/07\/sauna-su-misura-per-casa-420x285.jpg"},"image-related-size-bigger-sq":{"file":"sauna-su-misura-per-casa-624x468.jpg","width":624,"height":468,"mime-type":"image\/jpeg","source_url":"https:\/\/static.effe.it\/website\/2021\/07\/sauna-su-misura-per-casa-624x468.jpg"},"image-designer-product":{"file":"sauna-su-misura-per-casa-644x500.jpg","width":644,"height":500,"mime-type":"image\/jpeg","source_url":"https:\/\/static.effe.it\/website\/2021\/07\/sauna-su-misura-per-casa-644x500.jpg"}},"image_meta":{"aperture":"0","credit":"","camera":"","caption":"","created_timestamp":"0","copyright":"","focal_length":"0","iso":"0","shutter_speed":"0","title":"","orientation":"0","keywords":[]}},"post":8602,"source_url":"https:\/\/static.effe.it\/website\/2021\/07\/sauna-su-misura-per-casa.jpg"},"acf":[],"_links":{"self":[{"href":"https:\/\/www.effe.it\/es\/wp-json\/wp\/v2\/posts\/8602"}],"collection":[{"href":"https:\/\/www.effe.it\/es\/wp-json\/wp\/v2\/posts"}],"about":[{"href":"https:\/\/www.effe.it\/es\/wp-json\/wp\/v2\/types\/post"}],"author":[{"embeddable":true,"href":"https:\/\/www.effe.it\/es\/wp-json\/wp\/v2\/users\/2"}],"replies":[{"embeddable":true,"href":"https:\/\/www.effe.it\/es\/wp-json\/wp\/v2\/comments?post=8602"}],"version-history":[{"count":1,"href":"https:\/\/www.effe.it\/es\/wp-json\/wp\/v2\/posts\/8602\/revisions"}],"predecessor-version":[{"id":8677,"href":"https:\/\/www.effe.it\/es\/wp-json\/wp\/v2\/posts\/8602\/revisions\/8677"}],"wp:featuredmedia":[{"embeddable":true,"href":"https:\/\/www.effe.it\/es\/wp-json\/wp\/v2\/media\/2028"}],"wp:attachment":[{"href":"https:\/\/www.effe.it\/es\/wp-json\/wp\/v2\/media?parent=8602"}],"wp:term":[{"taxonomy":"category","embeddable":true,"href":"https:\/\/www.effe.it\/es\/wp-json\/wp\/v2\/categories?post=8602"},{"taxonomy":"post_tag","embeddable":true,"href":"https:\/\/www.effe.it\/es\/wp-json\/wp\/v2\/tags?post=8602"}],"curies":[{"name":"wp","href":"https:\/\/api.w.org\/{rel}","templated":true}]}}