{"id":36963,"date":"2025-10-27T16:42:38","date_gmt":"2025-10-27T14:42:38","guid":{"rendered":"https:\/\/www.effe.it\/blog\/differenza-tra-sauna-e-bagno-turco-mettiamo-i-due-a-confronto\/"},"modified":"2025-10-27T18:29:17","modified_gmt":"2025-10-27T16:29:17","slug":"differenza-tra-sauna-e-bagno-turco-mettiamo-i-due-a-confronto","status":"publish","type":"post","link":"https:\/\/www.effe.it\/es\/blog\/differenza-tra-sauna-e-bagno-turco-mettiamo-i-due-a-confronto\/","title":{"rendered":"Sauna y ba\u00f1o turco: \u00bfen qu\u00e9 se distinguen realmente?"},"content":{"rendered":"\n<figure class=\"wp-block-image size-large\"><img decoding=\"async\" loading=\"lazy\" width=\"1024\" height=\"709\" src=\"https:\/\/static.effe.it\/website\/2025\/10\/27160522\/immagine-1-2-1024x709.jpg\" alt=\"- -\" class=\"wp-image-36902\" srcset=\"https:\/\/static.effe.it\/website\/2025\/10\/27160522\/immagine-1-2-1024x709.jpg 1024w, https:\/\/static.effe.it\/website\/2025\/10\/27160522\/immagine-1-2-300x208.jpg 300w, https:\/\/static.effe.it\/website\/2025\/10\/27160522\/immagine-1-2-768x532.jpg 768w, https:\/\/static.effe.it\/website\/2025\/10\/27160522\/immagine-1-2-1536x1064.jpg 1536w, https:\/\/static.effe.it\/website\/2025\/10\/27160522\/immagine-1-2-2048x1419.jpg 2048w, https:\/\/static.effe.it\/website\/2025\/10\/27160522\/immagine-1-2.jpg 2090w\" sizes=\"(max-width: 1024px) 100vw, 1024px\" title=\"\"><\/figure>\n\n\n\n<p>Entrar en una <strong>sauna o en un ba\u00f1o turco<\/strong> no es simplemente un gesto de relax, sino un aut\u00e9ntico <strong>ritual<\/strong> que desde hace siglos forma parte de distintas culturas. Hoy en d\u00eda, ambas pr\u00e1cticas conviven en spas y hogares donde se busca el <strong>equilibrio entre cuerpo y mente.<\/strong> Pero, \u00bf<strong>en qu\u00e9 se diferencian realmente la sauna y el ba\u00f1o turco<\/strong>, y cu\u00e1l elegir seg\u00fan tus necesidades?  <\/p>\n\n\n\n<h2 class=\"wp-block-heading\">Sauna: historia, beneficios y tradici\u00f3n del bienestar<\/h2>\n\n\n\n<p>La sauna no es simplemente un espacio caliente, sino es un ritual nacido en la cultura finlandesa que, todav\u00eda hoy, acompa\u00f1a a quienes desean reconectar con su equilibrio interior y su bienestar. Un recorrido lleno de tradici\u00f3n y beneficios reales, que merece la pena descubrir desde sus or\u00edgenes hasta sus efectos positivos para el cuerpo y la mente.<\/p>\n\n\n\n<h3 class=\"wp-block-heading\">\u00bfQu\u00e9 es una sauna?<\/h3>\n\n\n\n<p>La <strong>sauna<\/strong> es un <strong>espacio<\/strong> tradicionalmente <strong>construido en madera<\/strong>, dise\u00f1ado para ofrecer un <strong>calor intenso y seco<\/strong>. En su interior, las <strong>temperaturas<\/strong> alcanzan entre <strong>85 y 100 \u00b0C<\/strong>, con un <strong>nivel de humedad<\/strong> muy bajo (<strong>20\u201330 %<\/strong>).<\/p>\n\n\n\n<p>Este clima seco estimula una sudoraci\u00f3n natural y profunda, que favorece la <strong>depuraci\u00f3n del organismo<\/strong>, la relajaci\u00f3n muscular y una sensaci\u00f3n general de regeneraci\u00f3n.<\/p>\n\n\n\n<p>El coraz\u00f3n de la sauna es la <strong>estufa el\u00e9ctrica<\/strong>, llamada <strong><em>kiuas<\/em><\/strong>en finland\u00e9s, que <strong>calienta piedras capaces de retener y difundir el calor de manera uniforme<\/strong>, creando una experiencia aut\u00e9ntica y gratificante.<\/p>\n\n\n\n<figure class=\"wp-block-image size-large is-resized\"><img decoding=\"async\" loading=\"lazy\" width=\"1024\" height=\"729\" src=\"https:\/\/static.effe.it\/website\/2025\/10\/27162053\/immagine-2-2-1024x729.jpg\" alt=\"- -\" class=\"wp-image-36908\" style=\"aspect-ratio:1.4046639231824416;width:840px;height:auto\" srcset=\"https:\/\/static.effe.it\/website\/2025\/10\/27162053\/immagine-2-2-1024x729.jpg 1024w, https:\/\/static.effe.it\/website\/2025\/10\/27162053\/immagine-2-2-300x214.jpg 300w, https:\/\/static.effe.it\/website\/2025\/10\/27162053\/immagine-2-2-768x547.jpg 768w, https:\/\/static.effe.it\/website\/2025\/10\/27162053\/immagine-2-2.jpg 1390w\" sizes=\"(max-width: 1024px) 100vw, 1024px\" title=\"\"><\/figure>\n\n\n\n<h3 class=\"wp-block-heading\">Or\u00edgenes de la sauna<\/h3>\n\n\n\n<p>Las ra\u00edces de la sauna se remontan a <strong>m\u00e1s de dos mil a\u00f1os de historia.<\/strong> En Finlandia naci\u00f3 como un <strong>simple ba\u00f1o caliente excavado en la tierra<\/strong>, donde las piedras al rojo vivo liberaban calor y vapor. Era un lugar de higiene, pero tambi\u00e9n de purificaci\u00f3n y encuentro.<\/p>\n\n\n\n<p>Con el tiempo, aquellas cavidades subterr\u00e1neas dieron paso a <strong>caba\u00f1as de madera calentadas con estufas de le\u00f1a<\/strong>, m\u00e1s parecidas a las saunas que conocemos hoy. La pr\u00e1ctica se convirti\u00f3 pronto en parte esencial de la vida cotidiana y de la cultura n\u00f3rdica: un rito capaz de unir cuerpo, mente y relaciones humanas.<\/p>\n\n\n\n<p>Difundida en los pa\u00edses b\u00e1lticos y en otras regiones del norte de Europa, la sauna ha llegado hasta nosotros como un <strong>s\u00edmbolo universal de bienestar<\/strong>. Hoy sigue siendo apreciada en todo el mundo por sus beneficios, manteniendo intacta su esencia ancestral hecha de calor, silencio y regeneraci\u00f3n.<\/p>\n\n\n\n<h3 class=\"wp-block-heading\">Beneficios de la sauna<\/h3>\n\n\n\n<p>La sauna finlandesa est\u00e1 considerada <strong>uno de los rituales de bienestar m\u00e1s eficaces y completos.<\/strong> El calor intenso provoca una vasodilataci\u00f3n natural, <strong>favoreciendo el flujo sangu\u00edneo y una mejor oxigenaci\u00f3n de los tejidos<\/strong>, con efectos positivos tambi\u00e9n sobre la salud cardiovascular.<strong> Alternar la sauna con duchas fr\u00edas<\/strong> estimula la circulaci\u00f3n y <strong>refuerza las defensas inmunitarias<\/strong>, activando un mecanismo similar a una \u201cfiebre natural\u201d que fortalece el sistema inmunol\u00f3gico.<\/p>\n\n\n\n<p>La sudoraci\u00f3n profunda inducida por el calor seco contribuye a <strong>eliminar toxinas e impurezas<\/strong>, mejorando el aspecto de la piel, que se muestra m\u00e1s luminosa y el\u00e1stica. La mayor circulaci\u00f3n estimula adem\u00e1s la producci\u00f3n de col\u00e1geno, con efectos beneficiosos sobre las zonas adiposas y la elasticidad cut\u00e1nea.<\/p>\n\n\n\n<p>M\u00e1s all\u00e1 de los aspectos f\u00edsicos, la sauna proporciona una <strong>profunda relajaci\u00f3n mental:<\/strong> la permanencia en un ambiente c\u00e1lido estimula la liberaci\u00f3n de endorfinas y reduce los niveles de cortisol, combatiendo el estr\u00e9s, la ansiedad y el insomnio. Para quienes practican actividad deportiva, representa tambi\u00e9n un excelente apoyo para la <strong>recuperaci\u00f3n muscular<\/strong>, gracias a un mejor transporte de ox\u00edgeno y nutrientes a los tejidos.<\/p>\n\n\n\n<p>Diversos estudios asocian el <strong>uso regular de la sauna con un menor riesgo de enfermedades cardiovasculares<\/strong>, gracias a la reducci\u00f3n de la presi\u00f3n arterial y al control del estr\u00e9s. Para quienes deseen saber m\u00e1s, Effe pone a disposici\u00f3n contenidos espec\u00edficos como los <a href=\"https:\/\/www.effe.it\/es\/perfect-wellness\/los-beneficios-de-la-sauna\/\">beneficios de la sauna<\/a> y una gu\u00eda pr\u00e1ctica sobre <a href=\"https:\/\/www.effe.it\/es\/perfect-wellness\/como-tomar-una-sauna\/\">c\u00f3mo hacer la sauna<\/a>.<\/p>\n\n\n\n<figure class=\"wp-block-image size-large\"><img decoding=\"async\" loading=\"lazy\" width=\"1024\" height=\"729\" src=\"https:\/\/static.effe.it\/website\/2025\/10\/27162232\/immagine-3-2-1024x729.jpg\" alt=\"- -\" class=\"wp-image-36914\" srcset=\"https:\/\/static.effe.it\/website\/2025\/10\/27162232\/immagine-3-2-1024x729.jpg 1024w, https:\/\/static.effe.it\/website\/2025\/10\/27162232\/immagine-3-2-300x214.jpg 300w, https:\/\/static.effe.it\/website\/2025\/10\/27162232\/immagine-3-2-768x547.jpg 768w, https:\/\/static.effe.it\/website\/2025\/10\/27162232\/immagine-3-2.jpg 1390w\" sizes=\"(max-width: 1024px) 100vw, 1024px\" title=\"\"><\/figure>\n\n\n\n<h3 class=\"wp-block-heading\"> Tipos de saunas<\/h3>\n\n\n\n<p>El calor de la sauna proviene de una <strong>estufa<\/strong>, llamada <em>kiuas<\/em> en finland\u00e9s, que calienta piedras capaces de retener y difundir el calor de manera uniforme. En su versi\u00f3n m\u00e1s com\u00fan, es decir la el\u00e9ctrica, se puede verter un poco de agua sobre las piedras para crear el caracter\u00edstico vapor (<em>l\u00f6yly<\/em>) y aumentar la sensaci\u00f3n de calor.<\/p>\n\n\n\n<p>En el pasado, el m\u00e9todo tradicional consist\u00eda en utilizar fuego para calentar las piedras, una pr\u00e1ctica hoy menos com\u00fan pero que conserva un encanto ancestral. Junto a estas soluciones, tambi\u00e9n existe la <strong>sauna de infrarrojos<\/strong>, que utiliza paneles radiantes para generar calor directo sobre el cuerpo, ofreciendo una experiencia diferente pero igualmente eficaz.<\/p>\n\n\n\n<p>Quienes deseen explorar las distintas propuestas y descubrir modelos y soluciones de dise\u00f1o pueden visitar la secci\u00f3n dedicada del sitio web de Effe:<a href=\"https:\/\/www.effe.it\/elenco-prodotti\/saune\/\"> <\/a><a href=\"https:\/\/www.effe.it\/es\/productos\/saunas\/\">todas las saunas<\/a>.<\/p>\n\n\n<div class=\"wp-block-image\">\n<figure class=\"aligncenter size-large\"><img decoding=\"async\" loading=\"lazy\" width=\"1024\" height=\"729\" src=\"https:\/\/static.effe.it\/website\/2025\/10\/27162330\/immagine-4-1024x729.jpg\" alt=\"- -\" class=\"wp-image-36920\" srcset=\"https:\/\/static.effe.it\/website\/2025\/10\/27162330\/immagine-4-1024x729.jpg 1024w, https:\/\/static.effe.it\/website\/2025\/10\/27162330\/immagine-4-300x214.jpg 300w, https:\/\/static.effe.it\/website\/2025\/10\/27162330\/immagine-4-768x547.jpg 768w, https:\/\/static.effe.it\/website\/2025\/10\/27162330\/immagine-4.jpg 1390w\" sizes=\"(max-width: 1024px) 100vw, 1024px\" title=\"\"><figcaption class=\"wp-element-caption\">Natural Infrared<\/figcaption><\/figure><\/div>\n\n\n<h2 class=\"wp-block-heading\">Ba\u00f1o turco: tradici\u00f3n, vapor y salud<\/h2>\n\n\n\n<h3 class=\"wp-block-heading\">\u00bfQu\u00e9 es un ba\u00f1o turco?<\/h3>\n\n\n\n<p>El ba\u00f1o turco, o <strong>hammam<\/strong>, es una pr\u00e1ctica milenaria originaria de Oriente Medio basada en el uso de <strong>calor h\u00famedo y vapor<\/strong>. A diferencia de la sauna finlandesa, que utiliza un calor seco a altas temperaturas (85-100 \u00b0C), el hammam funciona a <strong>temperaturas m\u00e1s moderadas<\/strong> <strong>(35-48 \u00b0C)<\/strong>, pero con una humedad muy elevada, de hasta el 100 %.<\/p>\n\n\n\n<p>Este ambiente saturado de vapor favorece una limpieza profunda de la piel y la apertura de los poros, aliviando las v\u00edas respiratorias y proporcionando una relajaci\u00f3n m\u00e1s suave en comparaci\u00f3n con la sauna. Para descubrir las soluciones hammam creadas por Effe, puedes echar un vistazo a los modelos disponibles en la secci\u00f3n dedicada del <a href=\"https:\/\/www.effe.it\/es\/productos\/hammam\/\">sitio de Effe<\/a>.<\/p>\n\n\n\n<figure class=\"wp-block-image size-large\"><img decoding=\"async\" loading=\"lazy\" width=\"1024\" height=\"729\" src=\"https:\/\/static.effe.it\/website\/2025\/10\/27162447\/immagine-5-1024x729.jpg\" alt=\"- -\" class=\"wp-image-36926\" srcset=\"https:\/\/static.effe.it\/website\/2025\/10\/27162447\/immagine-5-1024x729.jpg 1024w, https:\/\/static.effe.it\/website\/2025\/10\/27162447\/immagine-5-300x214.jpg 300w, https:\/\/static.effe.it\/website\/2025\/10\/27162447\/immagine-5-768x547.jpg 768w, https:\/\/static.effe.it\/website\/2025\/10\/27162447\/immagine-5.jpg 1390w\" sizes=\"(max-width: 1024px) 100vw, 1024px\" title=\"\"><\/figure>\n\n\n\n<h3 class=\"wp-block-heading\">Or\u00edgenes del ba\u00f1o turco<\/h3>\n\n\n\n<p>El ba\u00f1o turco tiene su origen en las <strong>termas romanas y los ba\u00f1os griegos<\/strong>, de los que hered\u00f3 la tradici\u00f3n del bienestar t\u00e9rmico. Posteriormente evolucion\u00f3 en el mundo \u00e1rabe-isl\u00e1mico como <strong>hammam<\/strong>, convirti\u00e9ndose no solo en un espacio de higiene, sino tambi\u00e9n en un lugar de purificaci\u00f3n, socializaci\u00f3n y espiritualidad. A lo largo de los siglos, entre rituales de lavado, masajes y ambientes con condiciones clim\u00e1ticas de efecto terap\u00e9utico, el hammam ha trazado un camino que todav\u00eda hoy define su esencia.<\/p>\n\n\n\n<h3 class=\"wp-block-heading\"><strong><strong>\u00a0Beneficios del ba\u00f1o turco<\/strong><\/strong><\/h3>\n\n\n\n<p>El ba\u00f1o turco ofrece una <a href=\"https:\/\/www.effe.it\/es\/perfect-wellness\/los-beneficios-del-hammam\/\">experiencia beneficiosa y envolvente en varios aspectos<\/a>:<\/p>\n\n\n\n<ul>\n<li>El vapor caliente y h\u00famedo estimula la <strong>apertura de los poros<\/strong>, favoreciendo la purificaci\u00f3n profunda de la piel.<br><br><\/li>\n\n\n\n<li>La humedad favorece la <strong>apertura de las v\u00edas respiratorias<\/strong> y alivia la congesti\u00f3n, proporcionando alivio y confort.<br><br><\/li>\n\n\n\n<li>El calor envolvente <strong>reduce el estr\u00e9s y las tensiones musculares<\/strong>, generando una sensaci\u00f3n de bienestar f\u00edsico y mental.<br><br><\/li>\n\n\n\n<li>Quienes practican actividad deportiva tambi\u00e9n valoran este ritual por su ayuda en la <strong>recuperaci\u00f3n muscular<\/strong>, gracias a un mejor aporte de ox\u00edgeno y nutrientes.<br><br><\/li>\n\n\n\n<li>Numerosos estudios destacan sus efectos positivos sobre el sistema inmunitario y el tono muscular.<br><br><\/li>\n<\/ul>\n\n\n\n<p>Si deseas profundizar en c\u00f3mo realizar el hammam de la mejor manera y aprovechar todos sus efectos regeneradores, Effe propone una <a href=\"https:\/\/www.effe.it\/es\/perfect-wellness\/como-tomar-un-hammam\/\">gu\u00eda pr\u00e1ctica dedicada a las correctas modalidades de uso<\/a>.<\/p>\n\n\n\n<figure class=\"wp-block-image size-large is-resized\"><img decoding=\"async\" loading=\"lazy\" width=\"1024\" height=\"729\" src=\"https:\/\/static.effe.it\/website\/2025\/10\/27162646\/immagine-6-1024x729.jpg\" alt=\"- -\" class=\"wp-image-36932\" style=\"aspect-ratio:1.4046639231824416;width:840px;height:auto\" srcset=\"https:\/\/static.effe.it\/website\/2025\/10\/27162646\/immagine-6-1024x729.jpg 1024w, https:\/\/static.effe.it\/website\/2025\/10\/27162646\/immagine-6-300x214.jpg 300w, https:\/\/static.effe.it\/website\/2025\/10\/27162646\/immagine-6-768x547.jpg 768w, https:\/\/static.effe.it\/website\/2025\/10\/27162646\/immagine-6.jpg 1390w\" sizes=\"(max-width: 1024px) 100vw, 1024px\" title=\"\"><\/figure>\n\n\n\n<figure class=\"wp-block-image size-large is-resized\"><img decoding=\"async\" loading=\"lazy\" width=\"1024\" height=\"729\" src=\"https:\/\/static.effe.it\/website\/2025\/10\/27162703\/immagine-7-1024x729.jpg\" alt=\"- -\" class=\"wp-image-36938\" style=\"aspect-ratio:1.404040404040404;width:840px;height:auto\" srcset=\"https:\/\/static.effe.it\/website\/2025\/10\/27162703\/immagine-7-1024x729.jpg 1024w, https:\/\/static.effe.it\/website\/2025\/10\/27162703\/immagine-7-300x214.jpg 300w, https:\/\/static.effe.it\/website\/2025\/10\/27162703\/immagine-7-768x547.jpg 768w, https:\/\/static.effe.it\/website\/2025\/10\/27162703\/immagine-7.jpg 1390w\" sizes=\"(max-width: 1024px) 100vw, 1024px\" title=\"\"><\/figure>\n\n\n\n<h2 class=\"wp-block-heading\">Diferencias entre sauna y ba\u00f1o turco: elementos principales<\/h2>\n\n\n\n<h3 class=\"wp-block-heading\">Temperatura y humedad<\/h3>\n\n\n\n<p>La diferencia entre sauna y ba\u00f1o turco se percibe inmediatamente en el <strong>clima interior<\/strong>. La <strong>sauna<\/strong> alcanza <strong>temperaturas elevadas (85-100 \u00b0C) con un nivel de humedad muy bajo (20-30 %)<\/strong>, generando un <strong>calor seco<\/strong> que estimula una sudoraci\u00f3n intensa. Esto favorece la eliminaci\u00f3n de toxinas, la relajaci\u00f3n muscular y la reactivaci\u00f3n de la circulaci\u00f3n.<\/p>\n\n\n\n<p>El <strong>ba\u00f1o turco<\/strong>, en cambio, funciona a <strong>temperaturas m\u00e1s moderadas (35-48 \u00b0C) pero con una humedad muy elevada (90-100 %).<\/strong> El vapor denso envuelve la piel, la hidrata en profundidad y libera las v\u00edas respiratorias, creando una experiencia suave e integral.<\/p>\n\n\n\n<h3 class=\"wp-block-heading\"><strong><strong>Materiales y construcci\u00f3n<\/strong><\/strong><\/h3>\n\n\n\n<p>Saunas y ba\u00f1os turcos requieren materiales diferentes. La <strong>sauna<\/strong> est\u00e1 construida principalmente en <strong>madera<\/strong>, como <strong>abeto<\/strong> <strong>o \u00e1lamo<\/strong>, que resiste el calor seco y resulta agradable al tacto incluso a altas temperaturas.<\/p>\n\n\n\n<p>El <strong>ba\u00f1o turco<\/strong>, en cambio, utiliza <strong>materiales impermeables y resistentes a la humedad <\/strong>como<strong> m\u00e1rmol, mosaicos, azulejos cer\u00e1micos o piedra<\/strong>. Estas superficies retienen el vapor y son f\u00e1ciles de limpiar. Para su funcionamiento es necesario un <a href=\"https:\/\/www.effe.it\/elenco-prodotti\/generatori\/\"><strong>generador de vapor<\/strong><\/a>, elemento fundamental para obtener un vapor denso, saludable y uniforme. Effe ofrece una amplia gama de soluciones tecnol\u00f3gicas, internas o externas a la cabina, dise\u00f1adas para integrarse incluso en espacios reducidos como una ducha dom\u00e9stica.<\/p>\n\n\n\n<h3 class=\"wp-block-heading\"><strong><strong>Experiencia del usuario<\/strong><\/strong><\/h3>\n\n\n\n<p>La experiencia de relajaci\u00f3n en la <strong>sauna<\/strong> y el <strong>ba\u00f1o turco<\/strong> puede variar mucho, ya que cada persona reacciona de forma diferente.<\/p>\n\n\n\n<p>En la <strong>sauna<\/strong>, el calor seco provoca una <strong>sudoraci\u00f3n abundante y r\u00e1pida<\/strong>, con una sensaci\u00f3n intensa de calor. El tiempo de permanencia recomendado es de <strong>10 a 15 minutos<\/strong> por sesi\u00f3n, a menudo alternado con duchas fr\u00edas.<\/p>\n\n\n\n<p>En el <strong>ba\u00f1o turco<\/strong>, el calor h\u00famedo act\u00faa de forma m\u00e1s suave, induciendo una <strong>sudoraci\u00f3n gradual<\/strong> y una sensaci\u00f3n envolvente. Se puede permanecer m\u00e1s tiempo (m\u00e1ximo 20-30 minutos) y se experimenta una acci\u00f3n t\u00e9rmica m\u00e1s delicada.<\/p>\n\n\n\n<h3 class=\"wp-block-heading\"><strong>Beneficios espec\u00edficos<\/strong><\/h3>\n\n\n\n<p>Ambas pr\u00e1cticas ofrecen beneficios diferentes:<\/p>\n\n\n\n<ul>\n<li><strong>Sauna<\/strong>: ideal para desintoxicar, relajar los m\u00fasculos, estimular la circulaci\u00f3n sangu\u00ednea y aliviar dolores articulares. Es especialmente adecuada para deportistas o personas que sufren de tensiones musculares.<br><\/li>\n\n\n\n<li><strong>Ba\u00f1o turco<\/strong>: m\u00e1s eficaz para purificar e hidratar la piel, liberar las v\u00edas respiratorias (\u00fatil en casos de resfriados, sinusitis o asma leve) y reducir el estr\u00e9s de forma m\u00e1s gradual.<\/li>\n<\/ul>\n\n\n\n<h3 class=\"wp-block-heading\"><strong><strong>Contraindicaciones<\/strong><\/strong><\/h3>\n\n\n\n<p>Tanto la sauna como el hammam deben evitarse en caso de <strong>problemas card\u00edacos graves, presi\u00f3n muy baja o alta, insuficiencia respiratoria, infecciones cut\u00e1neas o embarazo<\/strong> (sin la autorizaci\u00f3n del m\u00e9dico). No se recomiendan, adem\u00e1s, en presencia de fiebre, epilepsia o trastornos circulatorios importantes.<\/p>\n\n\n\n<p>Un uso excesivo puede provocar deshidrataci\u00f3n o bajadas de tensi\u00f3n: por ello, siempre es aconsejable escuchar al propio cuerpo y, en caso de duda, consultar al m\u00e9dico antes de iniciar estas pr\u00e1cticas.<\/p>\n\n\n\n<figure class=\"wp-block-image size-large is-resized\"><img decoding=\"async\" loading=\"lazy\" width=\"1024\" height=\"729\" src=\"https:\/\/static.effe.it\/website\/2025\/10\/27163037\/immagine-8-1024x729.jpg\" alt=\"- -\" class=\"wp-image-36944\" style=\"aspect-ratio:1.4046639231824416;width:840px;height:auto\" srcset=\"https:\/\/static.effe.it\/website\/2025\/10\/27163037\/immagine-8-1024x729.jpg 1024w, https:\/\/static.effe.it\/website\/2025\/10\/27163037\/immagine-8-300x214.jpg 300w, https:\/\/static.effe.it\/website\/2025\/10\/27163037\/immagine-8-768x547.jpg 768w, https:\/\/static.effe.it\/website\/2025\/10\/27163037\/immagine-8.jpg 1390w\" sizes=\"(max-width: 1024px) 100vw, 1024px\" title=\"\"><\/figure>\n\n\n\n<h2 class=\"wp-block-heading\">Cu\u00e1ndo elegir la sauna y cu\u00e1ndo el ba\u00f1o turco<\/h2>\n\n\n\n<p>La elecci\u00f3n entre sauna y ba\u00f1o turco depende de las <strong>preferencias personales<\/strong> y de los <strong>objetivos de bienestar de cada uno<\/strong>. Quien aprecie el <strong>calor seco e intenso<\/strong>, ideal para aliviar tensiones musculares y favorecer la recuperaci\u00f3n despu\u00e9s de la actividad f\u00edsica, encontrar\u00e1 en la <strong>sauna<\/strong> la opci\u00f3n m\u00e1s adecuada.<\/p>\n\n\n\n<p>Por el contrario, quien busque un <strong>ambiente h\u00famedo y envolvente<\/strong>, un tratamiento purificante para la piel o un alivio suave para las v\u00edas respiratorias, puede optar por el <strong>ba\u00f1o turco.<\/strong> En caso de presi\u00f3n baja, el hammam suele ser preferible gracias a sus temperaturas m\u00e1s moderadas.<\/p>\n\n\n\n<p>Cada organismo, sin embargo, reacciona de forma diferente: la mejor manera de entender qu\u00e9 pr\u00e1ctica es m\u00e1s adecuada es <strong>probar ambas y fijarse en las sensaciones vividas.<\/strong><\/p>\n\n\n\n<h3 class=\"wp-block-heading\">Situaciones espec\u00edficas<\/h3>\n\n\n\n<ul>\n<li><strong>Tensiones musculares y dolores articulares<\/strong>: la sauna, con su calor seco, relaja los m\u00fasculos, estimula la circulaci\u00f3n y favorece una desintoxicaci\u00f3n profunda mediante una sudoraci\u00f3n intensa.<br><strong>Problemas respiratorios leves<\/strong> (resfriado, sinusitis, asma leve): el ba\u00f1o turco es especialmente \u00fatil gracias al vapor caliente, que libera las v\u00edas respiratorias y proporciona un alivio inmediato.<\/li>\n\n\n\n<li><strong>Cuidado de la piel:<\/strong> el hammam ayuda a purificar e hidratar la epidermis, dej\u00e1ndola m\u00e1s suave y luminosa.<\/li>\n\n\n\n<li><strong>Relajaci\u00f3n profunda<\/strong>: quienes prefieren un calor m\u00e1s suave y gradual encuentran en el ba\u00f1o turco una experiencia envolvente y regeneradora.<\/li>\n<\/ul>\n\n\n\n<h2 class=\"wp-block-heading\">\u00bfMejor sauna o ba\u00f1o turco?<\/h2>\n\n\n\n<p>Determinar cu\u00e1l es \u201cmejor\u201d no tiene una respuesta \u00fanica: depende de las necesidades de cada persona. La <strong>diferencia entre sauna y ba\u00f1o turco<\/strong> radica precisamente en su enfoque: m\u00e1s intenso e inmediato en el primer caso, m\u00e1s delicado y progresivo en el segundo. Ambos, si se practican con regularidad y respetando las condiciones f\u00edsicas de cada uno, representan aliados valiosos para la salud y el bienestar cotidiano.<\/p>\n\n\n<div class=\"wp-block-image\">\n<figure class=\"aligncenter size-large\"><img decoding=\"async\" loading=\"lazy\" width=\"1024\" height=\"729\" src=\"https:\/\/static.effe.it\/website\/2025\/10\/27163236\/immagine-9-1024x729.jpg\" alt=\"- -\" class=\"wp-image-36950\" srcset=\"https:\/\/static.effe.it\/website\/2025\/10\/27163236\/immagine-9-1024x729.jpg 1024w, https:\/\/static.effe.it\/website\/2025\/10\/27163236\/immagine-9-300x214.jpg 300w, https:\/\/static.effe.it\/website\/2025\/10\/27163236\/immagine-9-768x547.jpg 768w, https:\/\/static.effe.it\/website\/2025\/10\/27163236\/immagine-9.jpg 1390w\" sizes=\"(max-width: 1024px) 100vw, 1024px\" title=\"\"><figcaption class=\"wp-element-caption\">Logica Plus Mid<\/figcaption><\/figure><\/div>\n\n\n<h2 class=\"wp-block-heading\">\u00bfSe pueden tener ambos tratamientos en una sola cabina?<\/h2>\n\n\n\n<p><strong>Combinar sauna y ba\u00f1o turco en una misma cabina no es posible<\/strong>, ya que ambos ambientes requieren <strong>materiales y equipamientos diferentes<\/strong>. Sin embargo, existen soluciones dise\u00f1adas para combinar las dos experiencias en m\u00f3dulos coordinados, ofreciendo en un solo espacio la libertad de elegir en cada momento el recorrido m\u00e1s adecuado.<\/p>\n\n\n\n<p>Effe ha desarrollado <strong>colecciones como <\/strong><a href=\"https:\/\/www.effe.it\/es\/coleccion-plus-logica\/\"><strong>Logica Plus<\/strong><\/a><strong>, <\/strong><a href=\"https:\/\/www.effe.it\/es\/coleccion-yoku\/\"><strong>Yoku<\/strong><\/a><strong>, <\/strong><a href=\"https:\/\/www.effe.it\/es\/bodylove-collection\/\"><strong>BodyLove<\/strong><\/a><strong> y <\/strong><a href=\"https:\/\/www.effe.it\/es\/coleccion-natural\/\"><strong>Natural<\/strong><\/a>, que <strong>permiten alternar f\u00e1cilmente entre sauna y hammam. <\/strong>Estos sistemas compactos y de dise\u00f1o est\u00e1n concebidos para garantizar funcionalidad y confort, brindando los beneficios de ambas pr\u00e1cticas: desintoxicaci\u00f3n, relajaci\u00f3n muscular, limpieza de la piel y mejora de la respiraci\u00f3n, en un entorno uniforme y tecnol\u00f3gicamente avanzado.<\/p>\n\n\n\n<p><strong>Saber distinguir entre sauna y ba\u00f1o turco es el primer paso para disfrutar de una experiencia de bienestar consciente.<\/strong> Cada persona tiene sus necesidades relacionadas con la salud, el confort y el estilo de vida. Por eso es importante confiar siempre en profesionales expertos: Effe acompa\u00f1a en el dise\u00f1o de espacios de bienestar a medida, con soluciones integrales que van m\u00e1s all\u00e1 del producto, ofreciendo asesoramiento, personalizaci\u00f3n, asistencia t\u00e9cnica y atenci\u00f3n al detalle.<\/p>\n","protected":false},"excerpt":{"rendered":"<p>Entrar en una sauna o en un ba\u00f1o turco no es simplemente un gesto de relax, sino un aut\u00e9ntico ritual que desde hace siglos forma parte de distintas culturas. Hoy en d\u00eda, ambas pr\u00e1cticas conviven en spas y hogares donde se busca el equilibrio entre cuerpo y mente. Pero, \u00bfen qu\u00e9 se diferencian realmente la [&hellip;]<\/p>\n","protected":false},"author":16826,"featured_media":36907,"comment_status":"closed","ping_status":"closed","sticky":false,"template":"","format":"standard","meta":{"inline_featured_image":false,"footnotes":""},"categories":[1401,1420],"tags":[],"better_featured_image":{"id":36907,"alt_text":"","caption":"","description":"","media_type":"image","media_details":{"width":2090,"height":1448,"file":"2025\/10\/immagine-1-2.jpg","filesize":150614,"sizes":{"medium":{"file":"immagine-1-2-300x208.jpg","width":300,"height":208,"mime-type":"image\/jpeg","filesize":11149,"source_url":"https:\/\/static.effe.it\/website\/2025\/10\/27160522\/immagine-1-2-300x208.jpg"},"large":{"file":"immagine-1-2-1024x709.jpg","width":1024,"height":709,"mime-type":"image\/jpeg","filesize":79883,"source_url":"https:\/\/static.effe.it\/website\/2025\/10\/27160522\/immagine-1-2-1024x709.jpg"},"thumbnail":{"file":"immagine-1-2-150x150.jpg","width":150,"height":150,"mime-type":"image\/jpeg","filesize":5368,"source_url":"https:\/\/static.effe.it\/website\/2025\/10\/27160522\/immagine-1-2-150x150.jpg"},"medium_large":{"file":"immagine-1-2-768x532.jpg","width":768,"height":532,"mime-type":"image\/jpeg","filesize":49515,"source_url":"https:\/\/static.effe.it\/website\/2025\/10\/27160522\/immagine-1-2-768x532.jpg"},"image-related-size":{"file":"immagine-1-2-420x285.jpg","width":420,"height":285,"mime-type":"image\/jpeg","filesize":18581,"source_url":"https:\/\/static.effe.it\/website\/2025\/10\/27160522\/immagine-1-2-420x285.jpg"},"image-related-size-bigger-sq":{"file":"immagine-1-2-624x468.jpg","width":624,"height":468,"mime-type":"image\/jpeg","filesize":37931,"source_url":"https:\/\/static.effe.it\/website\/2025\/10\/27160522\/immagine-1-2-624x468.jpg"},"image-designer-product":{"file":"immagine-1-2-644x587.jpg","width":644,"height":587,"mime-type":"image\/jpeg","filesize":47282,"source_url":"https:\/\/static.effe.it\/website\/2025\/10\/27160522\/immagine-1-2-644x587.jpg"},"1536x1536":{"file":"immagine-1-2-1536x1064.jpg","width":1536,"height":1064,"mime-type":"image\/jpeg","filesize":157128,"source_url":"https:\/\/static.effe.it\/website\/2025\/10\/27160522\/immagine-1-2-1536x1064.jpg"},"2048x2048":{"file":"immagine-1-2-2048x1419.jpg","width":2048,"height":1419,"mime-type":"image\/jpeg","filesize":247272,"source_url":"https:\/\/static.effe.it\/website\/2025\/10\/27160522\/immagine-1-2-2048x1419.jpg"}},"image_meta":{"aperture":"0","credit":"","camera":"","caption":"","created_timestamp":"0","copyright":"","focal_length":"0","iso":"0","shutter_speed":"0","title":"","orientation":"0","keywords":[]}},"post":36963,"source_url":"https:\/\/static.effe.it\/website\/2025\/10\/27160522\/immagine-1-2.jpg"},"acf":[],"_links":{"self":[{"href":"https:\/\/www.effe.it\/es\/wp-json\/wp\/v2\/posts\/36963"}],"collection":[{"href":"https:\/\/www.effe.it\/es\/wp-json\/wp\/v2\/posts"}],"about":[{"href":"https:\/\/www.effe.it\/es\/wp-json\/wp\/v2\/types\/post"}],"author":[{"embeddable":true,"href":"https:\/\/www.effe.it\/es\/wp-json\/wp\/v2\/users\/16826"}],"replies":[{"embeddable":true,"href":"https:\/\/www.effe.it\/es\/wp-json\/wp\/v2\/comments?post=36963"}],"version-history":[{"count":3,"href":"https:\/\/www.effe.it\/es\/wp-json\/wp\/v2\/posts\/36963\/revisions"}],"predecessor-version":[{"id":36970,"href":"https:\/\/www.effe.it\/es\/wp-json\/wp\/v2\/posts\/36963\/revisions\/36970"}],"wp:featuredmedia":[{"embeddable":true,"href":"https:\/\/www.effe.it\/es\/wp-json\/wp\/v2\/media\/36907"}],"wp:attachment":[{"href":"https:\/\/www.effe.it\/es\/wp-json\/wp\/v2\/media?parent=36963"}],"wp:term":[{"taxonomy":"category","embeddable":true,"href":"https:\/\/www.effe.it\/es\/wp-json\/wp\/v2\/categories?post=36963"},{"taxonomy":"post_tag","embeddable":true,"href":"https:\/\/www.effe.it\/es\/wp-json\/wp\/v2\/tags?post=36963"}],"curies":[{"name":"wp","href":"https:\/\/api.w.org\/{rel}","templated":true}]}}