{"id":8836,"date":"2019-06-12T12:05:02","date_gmt":"2019-06-12T10:05:02","guid":{"rendered":"https:\/\/www.effe.it\/blog\/architectwork-duesseldorf\/"},"modified":"2019-06-12T12:05:02","modified_gmt":"2019-06-12T10:05:02","slug":"aw-duesseldorf","status":"publish","type":"post","link":"https:\/\/www.effe.it\/de\/blog\/aw-duesseldorf\/","title":{"rendered":"ARCHITECT@WORK D\u00fcsseldorf"},"content":{"rendered":"<h2>4 - 5 Dezember<\/h2>\n<h2>Dusseldorf, Deutschland<\/h2>\n<h2 style=\"display: inline; text-align: left;\">Stand 219<\/h2>\n<p> &nbsp;<\/p>\n<p style=\"text-align: left; line-height: 2.0;\">Im Dezember dieses Jahres nehmen wir an der <strong>ARCHITECT @ WORK<\/strong> in <strong>D\u00fcsseldorf, Deutschland<\/strong>, teil. Das exklusive und innovative Ausstellungslayout der Messe <strong>ARCHITECT @ WORK<\/strong> wurde von C4 -Creative Fo (u) r geschaffen.<\/p>\n<p style=\"text-align: left; line-height: 2.0;\">Um einen optimalen Kontakt zwischen Ausstellern und Besuchern zu gew\u00e4hrleisten, werden die G\u00e4ste automatisch auf einen Weg gef\u00fchrt, der zwischen den kleinen und einheitlichen Modulen verl\u00e4uft.<\/p>\n<p style=\"text-align: left; line-height: 2.0;\">Schauen Sie bei uns vorbei, wir erwarten Sie!<\/p>\n<p style=\"text-align: left; line-height: 2.0;\"><img decoding=\"async\" loading=\"lazy\" class=\"alignnone size-medium wp-image-34543\" style=\"margin: 20px auto;\" src=\"https:\/\/www.effe.it\/wp-content\/uploads\/2019\/06\/26-1-2015_15_37_21_homefotoalbumpic.jpg\" alt=\"9mod_p_900px\" width=\"700\" height=\"525\" title=\"\"><\/p>\n","protected":false},"excerpt":{"rendered":"<p>4 - 5 Dezember Dusseldorf, Deutschland Stand 219 &nbsp; Im Dezember dieses Jahres nehmen wir an der ARCHITECT @ WORK in D\u00fcsseldorf, Deutschland, teil. Das exklusive und innovative Ausstellungslayout der Messe ARCHITECT @ WORK wurde von C4 -Creative Fo (u) r geschaffen. Um einen optimalen Kontakt zwischen Ausstellern und Besuchern zu gew\u00e4hrleisten, werden die G\u00e4ste [&hellip;]<\/p>\n","protected":false},"author":2,"featured_media":8518,"comment_status":"open","ping_status":"open","sticky":false,"template":"","format":"standard","meta":{"inline_featured_image":false,"footnotes":""},"categories":[766],"tags":[],"better_featured_image":{"id":8518,"alt_text":"","caption":"","description":"","media_type":"image","media_details":{"width":800,"height":578,"file":"2021\/08\/a@wARCHITECT@WORK-Dusseldorf.jpg","sizes":{"medium":{"file":"a@wARCHITECT@WORK-Dusseldorf-300x217.jpg","width":300,"height":217,"mime-type":"image\/jpeg","source_url":"https:\/\/static.effe.it\/website\/2021\/08\/a%40wARCHITECT%40WORK-Dusseldorf-300x217.jpg"},"thumbnail":{"file":"a@wARCHITECT@WORK-Dusseldorf-150x150.jpg","width":150,"height":150,"mime-type":"image\/jpeg","source_url":"https:\/\/static.effe.it\/website\/2021\/08\/a%40wARCHITECT%40WORK-Dusseldorf-150x150.jpg"},"medium_large":{"file":"a@wARCHITECT@WORK-Dusseldorf-768x555.jpg","width":768,"height":555,"mime-type":"image\/jpeg","source_url":"https:\/\/static.effe.it\/website\/2021\/08\/a%40wARCHITECT%40WORK-Dusseldorf-768x555.jpg"},"image-related-size":{"file":"a@wARCHITECT@WORK-Dusseldorf-420x285.jpg","width":420,"height":285,"mime-type":"image\/jpeg","source_url":"https:\/\/static.effe.it\/website\/2021\/08\/a%40wARCHITECT%40WORK-Dusseldorf-420x285.jpg"},"image-related-size-bigger-sq":{"file":"a@wARCHITECT@WORK-Dusseldorf-624x468.jpg","width":624,"height":468,"mime-type":"image\/jpeg","source_url":"https:\/\/static.effe.it\/website\/2021\/08\/a%40wARCHITECT%40WORK-Dusseldorf-624x468.jpg"},"image-designer-product":{"file":"a@wARCHITECT@WORK-Dusseldorf-644x578.jpg","width":644,"height":578,"mime-type":"image\/jpeg","source_url":"https:\/\/static.effe.it\/website\/2021\/08\/a%40wARCHITECT%40WORK-Dusseldorf-644x578.jpg"}},"image_meta":{"aperture":"0","credit":"","camera":"","caption":"","created_timestamp":"0","copyright":"","focal_length":"0","iso":"0","shutter_speed":"0","title":"","orientation":"0","keywords":[]}},"post":8836,"source_url":"https:\/\/static.effe.it\/website\/2021\/08\/a%40wARCHITECT%40WORK-Dusseldorf.jpg"},"acf":[],"_links":{"self":[{"href":"https:\/\/www.effe.it\/de\/wp-json\/wp\/v2\/posts\/8836"}],"collection":[{"href":"https:\/\/www.effe.it\/de\/wp-json\/wp\/v2\/posts"}],"about":[{"href":"https:\/\/www.effe.it\/de\/wp-json\/wp\/v2\/types\/post"}],"author":[{"embeddable":true,"href":"https:\/\/www.effe.it\/de\/wp-json\/wp\/v2\/users\/2"}],"replies":[{"embeddable":true,"href":"https:\/\/www.effe.it\/de\/wp-json\/wp\/v2\/comments?post=8836"}],"version-history":[{"count":0,"href":"https:\/\/www.effe.it\/de\/wp-json\/wp\/v2\/posts\/8836\/revisions"}],"wp:featuredmedia":[{"embeddable":true,"href":"https:\/\/www.effe.it\/de\/wp-json\/wp\/v2\/media\/8518"}],"wp:attachment":[{"href":"https:\/\/www.effe.it\/de\/wp-json\/wp\/v2\/media?parent=8836"}],"wp:term":[{"taxonomy":"category","embeddable":true,"href":"https:\/\/www.effe.it\/de\/wp-json\/wp\/v2\/categories?post=8836"},{"taxonomy":"post_tag","embeddable":true,"href":"https:\/\/www.effe.it\/de\/wp-json\/wp\/v2\/tags?post=8836"}],"curies":[{"name":"wp","href":"https:\/\/api.w.org\/{rel}","templated":true}]}}