{"id":8829,"date":"2018-04-08T10:14:14","date_gmt":"2018-04-08T08:14:14","guid":{"rendered":"https:\/\/www.effe.it\/blog\/sauna-nach-mass\/"},"modified":"2022-03-17T18:38:59","modified_gmt":"2022-03-17T16:38:59","slug":"sauna-nach-mass","status":"publish","type":"post","link":"https:\/\/www.effe.it\/de\/blog\/sauna-nach-mass\/","title":{"rendered":"Sauna nach mass"},"content":{"rendered":"<div class=\"paragraph\">\n<p>Sich inspirieren lassen, sich im eigenen Zuhause eine Wellnessecke vorstellen, einen kleinen leeren Raum nutzen oder sogar einen gro\u00dfen Raum f\u00fcr Tr\u00e4ume im gro\u00dfen Stil zur Verf\u00fcgung haben.<\/p>\n<p>Egal, ob der Raum gro\u00df oder klein ist \u2013 er kann in jedem Fall zum Raum Ihrer Tr\u00e4ume werden. Und damit der Vorstellung keine Grenzen gesetzt sind, bietet Effe seit jeher kompetente und zuvorkommende Mitarbeiter, die alle W\u00fcnsche umzusetzen wissen, ohne dass Sie Ihre Tr\u00e4ume durch Standardl\u00f6sungen mildern m\u00fcssen.<\/p>\n<p>Die Voraussetzungen f\u00fcr die Installation einer echten <a href=\"https:\/\/www.effe.it\/de\/produkte\/saunen\/\"><strong>finnischen Sauna nach Ma\u00df<\/strong><\/a> sind minimal und auch die Raumeigenschaften sind leicht zu erf\u00fcllen. Wichtig ist, dass der Raum mindestens 2,20 m hoch ist. Fenster oder Dachfenster w\u00e4ren praktisch, sind aber nicht zwingend erforderlich. Schr\u00e4ge Decken oder Unregelm\u00e4\u00dfigkeiten im Mauerwerk sind kein Problem. F\u00fcr das Erstellen eines Angebots reicht zumeist ein Plan mit den genauen Ma\u00dfen. Sollte der Kunde aber zur Sicherheit oder bei komplexen Raumbegebenheiten einen Lokaltermin vorziehen, kann Effe auch vor Ort alle Einschr\u00e4nkungen und M\u00f6glichkeiten des Raums beurteilen.<\/p>\n<p>Abh\u00e4ngig von den Abmessungen und somit der Anzahl der Saunag\u00e4nger werden Ihnen die Effe-Designer \u2013 basierend auf ihrer Erfahrung und Professionalit\u00e4t \u2013 verschiedene Vorschl\u00e4ge f\u00fcr die Innenausstattung unterbreiten. Dabei werden nat\u00fcrlich alle Ihre Bed\u00fcrfnisse ber\u00fccksichtigt, damit Sie nicht nur eine Sauna, sondern <strong><a href=\"https:\/\/www.effe.it\/de\/produkte\/saunen\/\">IHRE ganz pers\u00f6nliche finnische Sauna<\/a><\/strong> genie\u00dfen k\u00f6nnen. Auch f\u00fcr die Au\u00dfengestaltung gibt es viele M\u00f6glichkeiten. Von der Ausf\u00fchrung \u00fcber den Griff bis hin zum Design der Verglasungen \u2013 jede Effe-Sauna f\u00fcgt sich bestens in Ihren Einrichtungsstil ein und erh\u00e4lt dank des sachlichen und eleganten Designs by <strong><a href=\"https:\/\/www.effe.it\/de\/designer\/\">Talocci Design<\/a><\/strong> das gewisse Etwas.<\/p>\n<p>Die Installation der Sauna ist dank der Fachmonteure und der vorgefertigten Produktion schnell und schmerzlos \u2013 jedes Element der Sauna wird montagefertig geliefert und das spart Zeit und Kosten.<\/p>\n<p>Effe, unsere Kompetenz, IHRE Sauna nach Ma\u00df.<\/p>\n<\/div>\n<div class=\"clear\"><\/div>\n","protected":false},"excerpt":{"rendered":"<p>Sich inspirieren lassen, sich im eigenen Zuhause eine Wellnessecke vorstellen, einen kleinen leeren Raum nutzen oder sogar einen gro\u00dfen Raum f\u00fcr Tr\u00e4ume im gro\u00dfen Stil zur Verf\u00fcgung haben. Egal, ob der Raum gro\u00df oder klein ist \u2013 er kann in jedem Fall zum Raum Ihrer Tr\u00e4ume werden. Und damit der Vorstellung keine Grenzen gesetzt sind, [&hellip;]<\/p>\n","protected":false},"author":2,"featured_media":2027,"comment_status":"open","ping_status":"open","sticky":false,"template":"","format":"standard","meta":{"inline_featured_image":false,"footnotes":""},"categories":[764,765],"tags":[65,66],"better_featured_image":{"id":2027,"alt_text":"","caption":"","description":"","media_type":"image","media_details":{"width":800,"height":500,"file":"2021\/07\/sauna-su-misura-per-casa.jpg","sizes":{"medium":{"file":"sauna-su-misura-per-casa-300x188.jpg","width":300,"height":188,"mime-type":"image\/jpeg","source_url":"https:\/\/static.effe.it\/website\/2021\/07\/sauna-su-misura-per-casa-300x188.jpg"},"thumbnail":{"file":"sauna-su-misura-per-casa-150x150.jpg","width":150,"height":150,"mime-type":"image\/jpeg","source_url":"https:\/\/static.effe.it\/website\/2021\/07\/sauna-su-misura-per-casa-150x150.jpg"},"medium_large":{"file":"sauna-su-misura-per-casa-768x480.jpg","width":768,"height":480,"mime-type":"image\/jpeg","source_url":"https:\/\/static.effe.it\/website\/2021\/07\/sauna-su-misura-per-casa-768x480.jpg"},"image-related-size":{"file":"sauna-su-misura-per-casa-420x285.jpg","width":420,"height":285,"mime-type":"image\/jpeg","source_url":"https:\/\/static.effe.it\/website\/2021\/07\/sauna-su-misura-per-casa-420x285.jpg"},"image-related-size-bigger-sq":{"file":"sauna-su-misura-per-casa-624x468.jpg","width":624,"height":468,"mime-type":"image\/jpeg","source_url":"https:\/\/static.effe.it\/website\/2021\/07\/sauna-su-misura-per-casa-624x468.jpg"},"image-designer-product":{"file":"sauna-su-misura-per-casa-644x500.jpg","width":644,"height":500,"mime-type":"image\/jpeg","source_url":"https:\/\/static.effe.it\/website\/2021\/07\/sauna-su-misura-per-casa-644x500.jpg"}},"image_meta":{"aperture":"0","credit":"","camera":"","caption":"","created_timestamp":"0","copyright":"","focal_length":"0","iso":"0","shutter_speed":"0","title":"","orientation":"0","keywords":[]}},"post":8829,"source_url":"https:\/\/static.effe.it\/website\/2021\/07\/sauna-su-misura-per-casa.jpg"},"acf":[],"_links":{"self":[{"href":"https:\/\/www.effe.it\/de\/wp-json\/wp\/v2\/posts\/8829"}],"collection":[{"href":"https:\/\/www.effe.it\/de\/wp-json\/wp\/v2\/posts"}],"about":[{"href":"https:\/\/www.effe.it\/de\/wp-json\/wp\/v2\/types\/post"}],"author":[{"embeddable":true,"href":"https:\/\/www.effe.it\/de\/wp-json\/wp\/v2\/users\/2"}],"replies":[{"embeddable":true,"href":"https:\/\/www.effe.it\/de\/wp-json\/wp\/v2\/comments?post=8829"}],"version-history":[{"count":0,"href":"https:\/\/www.effe.it\/de\/wp-json\/wp\/v2\/posts\/8829\/revisions"}],"wp:featuredmedia":[{"embeddable":true,"href":"https:\/\/www.effe.it\/de\/wp-json\/wp\/v2\/media\/2027"}],"wp:attachment":[{"href":"https:\/\/www.effe.it\/de\/wp-json\/wp\/v2\/media?parent=8829"}],"wp:term":[{"taxonomy":"category","embeddable":true,"href":"https:\/\/www.effe.it\/de\/wp-json\/wp\/v2\/categories?post=8829"},{"taxonomy":"post_tag","embeddable":true,"href":"https:\/\/www.effe.it\/de\/wp-json\/wp\/v2\/tags?post=8829"}],"curies":[{"name":"wp","href":"https:\/\/api.w.org\/{rel}","templated":true}]}}