{"id":8704,"date":"2016-10-22T19:52:56","date_gmt":"2016-10-22T17:52:56","guid":{"rendered":"https:\/\/www.effe.it\/blog\/spa-farblichttherapie-kolorieren-sie-ihren-winter-mit-wohlergehen\/"},"modified":"2025-11-10T13:27:39","modified_gmt":"2025-11-10T11:27:39","slug":"spa-farblichttherapie-kolorieren-sie-ihren-winter-mit-wohlergehen","status":"publish","type":"post","link":"https:\/\/www.effe.it\/de\/blog\/spa-farblichttherapie-kolorieren-sie-ihren-winter-mit-wohlergehen\/","title":{"rendered":"Spa und Farblichttherapie: Kolorieren Sie Ihren Winter mit Wohlergehen!"},"content":{"rendered":"<p>Auch wenn wir dem Kalender entnehmen k\u00f6nnen, dass noch Herbst ist, haben wir doch den Eindruck - vielleicht wegen der gro\u00dfen K\u00e4lte oder dem eint\u00f6nigen Grau, das diese Tage beherrscht - dass der Winter bereits gekommen ist\u2026 oder vielmehr immer da war!<\/p>\n<p>Ein Gef\u00fchl der Tr\u00e4gheit, M\u00fcdigkeit, manchmal Melancholie \u2013 <strong>ist es denn m\u00f6glich, dass die K\u00e4lte und die grauen Tage der kalten Jahreszeit in uns eindringen und auf diese Weise unseren psycho-physischen Zustand beeintr\u00e4chtigen? <\/strong><\/p>\n<p>Dass die Farben und das Licht eine Wirkung auf den Menschen haben k\u00f6nnen, war schon im alten \u00c4gypten bekannt, wo mit jeder Farbe sogar eine Heilkraft assoziiert wurde, wo man \u00fcppigen Gebrauch von Mineralien, Steinen, Kristallen und gef\u00e4rbten Salben machte und die W\u00e4nde der Heilst\u00e4tten bemalte, als h\u00e4tten auch diese Farben eine therapeutische Wirkung.<\/p>\n<p><strong>Was denkt man heute \u00fcber die Farblichttherapie?<\/strong><\/p>\n<p>Laut Schulmedizin ist die Wirksamkeit der Farblichttherapie als Heilmethode nicht wissenschaftlich nachgewiesen, sie erkennt aber an, dass die Farblichttherapie auf psychologischer Ebene einen starken Einfluss haben kann.<\/p>\n<p>Die Farblichttherapie kann also als alternative Methode eingesetzt werden, um dem K\u00f6rper und der Psyche zu helfen, ein harmonisches Gleichgewicht zu finden und die geistige Verfassung sowie die Stimmung zu verbessern.<\/p>\n<p>Ein Spaziergang an einem sonnigen Tag, das Tragen eines farbenfrohen Pullovers, sogar das Essen eines bunten Salats! Es braucht wirklich nicht viel, um die Vorz\u00fcge der Farben zu nutzen!<\/p>\n<p>Und wenn wir die Farblichttherapie in unser <strong>pers\u00f6nliches Spa <\/strong>integrieren w\u00fcrden?<\/p>\n<p>Stellen Sie sich vor, dass Sie an einem typischen Wintertag k\u00f6rperlich und geistig ersch\u00f6pft nach Hause kommen und sich dann einem behaglichen Vergn\u00fcgen hingeben und von Farben verw\u00f6hnen lassen, die Ihnen ein warmes Gl\u00fccksgef\u00fchl vermitteln!<\/p>\n<p>Effe, der f\u00fchrende Hersteller von <strong>Hamams und Saunen f\u00fcr zu Hause, <\/strong>gibt Ihnen die M\u00f6glichkeit, die <strong>heilsame Wirkung der Farblichttherapie<\/strong> sowohl in die Heimsauna als auch in das T\u00fcrkische Dampfbad einzuf\u00fcgen.<\/p>\n<p><a href=\"https:\/\/www.effe.it\/de\/optionals\/leuchten\/\"><strong>Leuchten f\u00fcr die Farblichttherapie<\/strong> <\/a><strong>mit Dauerlicht und dynamischen Zyklen, in Dampfgeneratoren integrierte Systeme, Emotionsduschen <\/strong>wie <strong>Feelgood, Emotional Tunnels mit Einfach- und Mehrfachbrause <\/strong>- Effe bietet den Liebhabern der Farbe ein breit gef\u00e4chertes Sortiment!<\/p>\n<p>Mit einem einfachen Handgriff k\u00f6nnen Sie nicht nur <strong>die Vorz\u00fcge der traditionellen finnischen Sauna oder des Hamams genie\u00dfen<\/strong>, sondern auch ganz nach Laune oder Vorliebe <strong>verschiedene farbtherapeutische Sequenzen<\/strong> w\u00e4hlen:<\/p>\n<p>ROT: bek\u00e4mpft die schlechte Laune und ist dank seiner anregenden Wirkung stimulierend;<\/p>\n<p>GELB: regt den Geist an, schenkt Wohlbefinden und erh\u00f6ht die Konzentrationsf\u00e4higkeit;<\/p>\n<p>ORANGE: schenkt Gelassenheit, Heiterkeit und Optimismus;<\/p>\n<p>GR\u00dcN: wirkt beruhigend und anregend auf Zielstrebigkeit und Durchhalteverm\u00f6gen;<\/p>\n<p>BLAU: hat eine beruhigende Wirkung, sorgt f\u00fcr Entspannung und erh\u00f6ht die Konzentration;<\/p>\n<p>VIOLETT: ist die Farbe der Spiritualit\u00e4t und Fantasie.<\/p>\n<p>Nat\u00fcrlich k\u00f6nnen Sie die Farblichttherapie auch mit der Aroma- und <strong>Musiktherapie kombinieren<\/strong>, um <strong>die wahre Wohlf\u00fchl-Therapie<\/strong> ganz und gar auszukosten!<\/p>\n<p>Effe: Kolorieren Sie Ihren Winter mit Wohlergehen!<\/p>\n","protected":false},"excerpt":{"rendered":"<p>Auch wenn wir dem Kalender entnehmen k\u00f6nnen, dass noch Herbst ist, haben wir doch den Eindruck - vielleicht wegen der gro\u00dfen K\u00e4lte oder dem eint\u00f6nigen Grau, das diese Tage beherrscht - dass der Winter bereits gekommen ist\u2026 oder vielmehr immer da war! Ein Gef\u00fchl der Tr\u00e4gheit, M\u00fcdigkeit, manchmal Melancholie \u2013 ist es denn m\u00f6glich, dass [&hellip;]<\/p>\n","protected":false},"author":2,"featured_media":2173,"comment_status":"open","ping_status":"open","sticky":false,"template":"","format":"standard","meta":{"inline_featured_image":false,"footnotes":""},"categories":[763,764,765,67],"tags":[82,1588],"better_featured_image":{"id":2173,"alt_text":"","caption":"","description":"","media_type":"image","media_details":{"width":700,"height":438,"file":"2021\/07\/Multifunctional-Shower-FeelGood-Effe-Perfect-Wellness.gif","sizes":{"medium":{"file":"Multifunctional-Shower-FeelGood-Effe-Perfect-Wellness-300x188.gif","width":300,"height":188,"mime-type":"image\/gif","source_url":"https:\/\/static.effe.it\/website\/2021\/07\/Multifunctional-Shower-FeelGood-Effe-Perfect-Wellness-300x188.gif"},"thumbnail":{"file":"Multifunctional-Shower-FeelGood-Effe-Perfect-Wellness-150x150.gif","width":150,"height":150,"mime-type":"image\/gif","source_url":"https:\/\/static.effe.it\/website\/2021\/07\/Multifunctional-Shower-FeelGood-Effe-Perfect-Wellness-150x150.gif"},"image-related-size":{"file":"Multifunctional-Shower-FeelGood-Effe-Perfect-Wellness-420x285.gif","width":420,"height":285,"mime-type":"image\/gif","source_url":"https:\/\/static.effe.it\/website\/2021\/07\/Multifunctional-Shower-FeelGood-Effe-Perfect-Wellness-420x285.gif"},"image-related-size-bigger-sq":{"file":"Multifunctional-Shower-FeelGood-Effe-Perfect-Wellness-624x438.gif","width":624,"height":438,"mime-type":"image\/gif","source_url":"https:\/\/static.effe.it\/website\/2021\/07\/Multifunctional-Shower-FeelGood-Effe-Perfect-Wellness-624x438.gif"},"image-designer-product":{"file":"Multifunctional-Shower-FeelGood-Effe-Perfect-Wellness-644x438.gif","width":644,"height":438,"mime-type":"image\/gif","source_url":"https:\/\/static.effe.it\/website\/2021\/07\/Multifunctional-Shower-FeelGood-Effe-Perfect-Wellness-644x438.gif"}},"image_meta":{"aperture":"0","credit":"","camera":"","caption":"","created_timestamp":"0","copyright":"","focal_length":"0","iso":"0","shutter_speed":"0","title":"","orientation":"0","keywords":[]}},"post":8704,"source_url":"https:\/\/static.effe.it\/website\/2021\/07\/Multifunctional-Shower-FeelGood-Effe-Perfect-Wellness.gif"},"acf":[],"_links":{"self":[{"href":"https:\/\/www.effe.it\/de\/wp-json\/wp\/v2\/posts\/8704"}],"collection":[{"href":"https:\/\/www.effe.it\/de\/wp-json\/wp\/v2\/posts"}],"about":[{"href":"https:\/\/www.effe.it\/de\/wp-json\/wp\/v2\/types\/post"}],"author":[{"embeddable":true,"href":"https:\/\/www.effe.it\/de\/wp-json\/wp\/v2\/users\/2"}],"replies":[{"embeddable":true,"href":"https:\/\/www.effe.it\/de\/wp-json\/wp\/v2\/comments?post=8704"}],"version-history":[{"count":0,"href":"https:\/\/www.effe.it\/de\/wp-json\/wp\/v2\/posts\/8704\/revisions"}],"wp:featuredmedia":[{"embeddable":true,"href":"https:\/\/www.effe.it\/de\/wp-json\/wp\/v2\/media\/2173"}],"wp:attachment":[{"href":"https:\/\/www.effe.it\/de\/wp-json\/wp\/v2\/media?parent=8704"}],"wp:term":[{"taxonomy":"category","embeddable":true,"href":"https:\/\/www.effe.it\/de\/wp-json\/wp\/v2\/categories?post=8704"},{"taxonomy":"post_tag","embeddable":true,"href":"https:\/\/www.effe.it\/de\/wp-json\/wp\/v2\/tags?post=8704"}],"curies":[{"name":"wp","href":"https:\/\/api.w.org\/{rel}","templated":true}]}}